{"id":7948,"date":"2021-07-06T17:14:54","date_gmt":"2021-07-06T17:14:54","guid":{"rendered":"http:\/\/staging.ibermusicas.org\/?p=7948"},"modified":"2021-08-02T18:35:29","modified_gmt":"2021-08-02T18:35:29","slug":"el-guitarrista-colombiano-francisco-correa-estrena-la-suite-warmikuna-creada-por-el-compositor-ecuatoriano-pedro-barreiro","status":"publish","type":"post","link":"http:\/\/staging.ibermusicas.org\/index.php\/el-guitarrista-colombiano-francisco-correa-estrena-la-suite-warmikuna-creada-por-el-compositor-ecuatoriano-pedro-barreiro\/","title":{"rendered":"El guitarrista colombiano Francisco Correa estrena la Suite Warmikuna creada por el compositor ecuatoriano Pedro Barreiro"},"content":{"rendered":"<p>La \u201cSuite Warmikuna\u201d (mujeres en lengua quechua) realiza un homenaje a las figuras ind\u00edgenas femeninas que han marcado una huella importante en la vida de sus comunidades y de la sociedad ecuatoriana. Con gran capacidad organizativa y por medio de la lucha social, ellas consiguieron grandes reivindicaciones para los pueblos del Ecuador. En las comunidades ind\u00edgenas de Cayambe (cant\u00f3n cerca a Quito) el mestizaje introdujo la guitarra popular y con los a\u00f1os se desarrollaron sistemas propios de afinaci\u00f3n (\u201cafinaciones Galindo\u201d) principalmente para poder tocar la guitarra y bailar por las calles. Usando estas afinaciones, el compositor Pedro Barreiro cre\u00f3 una suite para guitarra sola, inspirada en los ritmos tradicionales que se tocan en las fiestas, pero con una visi\u00f3n contempor\u00e1nea caracter\u00edstica del compositor.<\/p>\n<p>Suite Warmikuna. I Mama Transito (San Juanito), II Mama Dul\u00fa (Tonada), III Mama Lorenza (Yarav\u00ed), IV Mama Blanca (Albazo en Granada).<\/p>\n<p>Domingo 11 de Julio 17 hs (Hora de Colombia). Presentaci\u00f3n del proyecto y sesi\u00f3n de Q&amp;A en vivo dentro del programa \u201cConVino la Guitarra\u201d &#8211; YouTube y Facebook<\/p>\n<p>Domingo 11 de Julio 19 hs. (Hora de Colombia). Estreno video en Canal de Youtube Francisco Correa, Estreno video en Fan Page Facebook de Francisco Correa, Estreno video en Canal de Youtube Pedro Barreiro<\/p>\n<p>S\u00e1bado 31 de Julio 15 hs. (Hora de Colombia). Clase Magistral v\u00eda Teams<\/p>\n","protected":false},"excerpt":{"rendered":"<p>La \u201cSuite Warmikuna\u201d (mujeres en lengua quechua) realiza un homenaje a las figuras ind\u00edgenas femeninas que han marcado una huella importante en la vida de sus comunidades y de la sociedad ecuatoriana. Con gran capacidad organizativa y por medio de la lucha social, ellas consiguieron grandes reivindicaciones para los pueblos del Ecuador. En las comunidades [&hellip;]<\/p>\n","protected":false},"author":1,"featured_media":7949,"comment_status":"closed","ping_status":"closed","sticky":false,"template":"","format":"standard","meta":{"footnotes":""},"categories":[53],"tags":[],"class_list":["post-7948","post","type-post","status-publish","format-standard","has-post-thumbnail","hentry","category-noticias-generales"],"lang":"es","translations":{"es":7948,"pt":7951},"pll_sync_post":[],"post_mailing_queue_ids":[],"_links":{"self":[{"href":"http:\/\/staging.ibermusicas.org\/index.php\/wp-json\/wp\/v2\/posts\/7948","targetHints":{"allow":["GET"]}}],"collection":[{"href":"http:\/\/staging.ibermusicas.org\/index.php\/wp-json\/wp\/v2\/posts"}],"about":[{"href":"http:\/\/staging.ibermusicas.org\/index.php\/wp-json\/wp\/v2\/types\/post"}],"author":[{"embeddable":true,"href":"http:\/\/staging.ibermusicas.org\/index.php\/wp-json\/wp\/v2\/users\/1"}],"replies":[{"embeddable":true,"href":"http:\/\/staging.ibermusicas.org\/index.php\/wp-json\/wp\/v2\/comments?post=7948"}],"version-history":[{"count":1,"href":"http:\/\/staging.ibermusicas.org\/index.php\/wp-json\/wp\/v2\/posts\/7948\/revisions"}],"predecessor-version":[{"id":7950,"href":"http:\/\/staging.ibermusicas.org\/index.php\/wp-json\/wp\/v2\/posts\/7948\/revisions\/7950"}],"wp:featuredmedia":[{"embeddable":true,"href":"http:\/\/staging.ibermusicas.org\/index.php\/wp-json\/wp\/v2\/media\/7949"}],"wp:attachment":[{"href":"http:\/\/staging.ibermusicas.org\/index.php\/wp-json\/wp\/v2\/media?parent=7948"}],"wp:term":[{"taxonomy":"category","embeddable":true,"href":"http:\/\/staging.ibermusicas.org\/index.php\/wp-json\/wp\/v2\/categories?post=7948"},{"taxonomy":"post_tag","embeddable":true,"href":"http:\/\/staging.ibermusicas.org\/index.php\/wp-json\/wp\/v2\/tags?post=7948"}],"curies":[{"name":"wp","href":"https:\/\/api.w.org\/{rel}","templated":true}]}}