{"id":7951,"date":"2021-07-06T17:17:12","date_gmt":"2021-07-06T17:17:12","guid":{"rendered":"http:\/\/staging.ibermusicas.org\/?p=7951"},"modified":"2021-08-02T18:37:42","modified_gmt":"2021-08-02T18:37:42","slug":"o-guitarrista-colombiano-francisco-correa-estreia-a-suite-warmikuna-criada-pelo-compositor-equatoriano-pedro-barreiro","status":"publish","type":"post","link":"http:\/\/staging.ibermusicas.org\/index.php\/o-guitarrista-colombiano-francisco-correa-estreia-a-suite-warmikuna-criada-pelo-compositor-equatoriano-pedro-barreiro\/","title":{"rendered":"O guitarrista colombiano Francisco Correa estreia a Su\u00edte Warmikuna criada pelo compositor equatoriano Pedro Barreiro"},"content":{"rendered":"<p>A \u00abSu\u00edte Warmikuna\u00bb (mulheres em l\u00edngua quechua) realiza uma homenagem \u00e0s figuras ind\u00edgenas femininas que marcaram uma impress\u00e3o importante na vida de suas comunidades e da sociedade equatoriana. Com grande capacidade organizacional e por meio da luta social, elas conseguiram grandes reivindica\u00e7\u00f5es para os povos do Equador. Nas comunidades ind\u00edgenas de Cayambe (cant\u00e3o pr\u00f3ximo a Quito) o mesti\u00e7amento introduziu a guitarra popular e com os anos se desenvolveram sistemas pr\u00f3prios de afina\u00e7\u00e3o (\u00abafina\u00e7\u00f5es Galindo\u00bb) principalmente para poder tocar a guitarra e dan\u00e7ar pelas ruas. Usando estas afina\u00e7\u00f5es, o compositor Pedro Barreiro criou uma su\u00edte para guitarra, inspirada nos ritmos tradicionais que se tocam nas festas, mas com uma vis\u00e3o contempor\u00e2nea caracter\u00edstica do compositor.<\/p>\n<p>Suite Warmikuna. I Mama Transito (San Juanito), II Mama Dul\u00fa (Tonada), III Mama Lorenza (Yarav\u00ed), IV Mama Blanca (Albazo en Granada).<\/p>\n<p>Domingo 11 de Julho 17 hs (Hora da Col\u00f4mbia). Apresenta\u00e7\u00e3o do projeto e sess\u00e3o de Q&amp;A ao vivo dentro do programa \u00abConVino la Guitarra\u00bb &#8211; YouTube e Facebook<\/p>\n<p>Domingo 11 de Julho 19 hs (Hora da Col\u00f4mbia). Estreia do v\u00eddeo no Canal de Youtube de Francisco Correa, Estreia v\u00eddeo no Fan de Page Facebook de Francisco Correa, Estreia v\u00eddeo no Canal de Youtube de Pedro Barreiro<\/p>\n<p>S\u00e1bado, 31 de Julho 15 hs (Hora da Col\u00f4mbia). Aula Magistral via Teams<\/p>\n","protected":false},"excerpt":{"rendered":"<p>A \u00abSu\u00edte Warmikuna\u00bb (mulheres em l\u00edngua quechua) realiza uma homenagem \u00e0s figuras ind\u00edgenas femininas que marcaram uma impress\u00e3o importante na vida de suas comunidades e da sociedade equatoriana. Com grande capacidade organizacional e por meio da luta social, elas conseguiram grandes reivindica\u00e7\u00f5es para os povos do Equador. Nas comunidades ind\u00edgenas de Cayambe (cant\u00e3o pr\u00f3ximo a [&hellip;]<\/p>\n","protected":false},"author":1,"featured_media":7949,"comment_status":"closed","ping_status":"closed","sticky":false,"template":"","format":"standard","meta":{"footnotes":""},"categories":[218],"tags":[],"class_list":["post-7951","post","type-post","status-publish","format-standard","has-post-thumbnail","hentry","category-noticias-generales-pt"],"lang":"pt","translations":{"pt":7951,"es":7948},"pll_sync_post":[],"post_mailing_queue_ids":[],"_links":{"self":[{"href":"http:\/\/staging.ibermusicas.org\/index.php\/wp-json\/wp\/v2\/posts\/7951","targetHints":{"allow":["GET"]}}],"collection":[{"href":"http:\/\/staging.ibermusicas.org\/index.php\/wp-json\/wp\/v2\/posts"}],"about":[{"href":"http:\/\/staging.ibermusicas.org\/index.php\/wp-json\/wp\/v2\/types\/post"}],"author":[{"embeddable":true,"href":"http:\/\/staging.ibermusicas.org\/index.php\/wp-json\/wp\/v2\/users\/1"}],"replies":[{"embeddable":true,"href":"http:\/\/staging.ibermusicas.org\/index.php\/wp-json\/wp\/v2\/comments?post=7951"}],"version-history":[{"count":1,"href":"http:\/\/staging.ibermusicas.org\/index.php\/wp-json\/wp\/v2\/posts\/7951\/revisions"}],"predecessor-version":[{"id":7952,"href":"http:\/\/staging.ibermusicas.org\/index.php\/wp-json\/wp\/v2\/posts\/7951\/revisions\/7952"}],"wp:featuredmedia":[{"embeddable":true,"href":"http:\/\/staging.ibermusicas.org\/index.php\/wp-json\/wp\/v2\/media\/7949"}],"wp:attachment":[{"href":"http:\/\/staging.ibermusicas.org\/index.php\/wp-json\/wp\/v2\/media?parent=7951"}],"wp:term":[{"taxonomy":"category","embeddable":true,"href":"http:\/\/staging.ibermusicas.org\/index.php\/wp-json\/wp\/v2\/categories?post=7951"},{"taxonomy":"post_tag","embeddable":true,"href":"http:\/\/staging.ibermusicas.org\/index.php\/wp-json\/wp\/v2\/tags?post=7951"}],"curies":[{"name":"wp","href":"https:\/\/api.w.org\/{rel}","templated":true}]}}