{"id":7958,"date":"2021-07-06T17:24:00","date_gmt":"2021-07-06T17:24:00","guid":{"rendered":"http:\/\/staging.ibermusicas.org\/?p=7958"},"modified":"2021-08-02T18:35:17","modified_gmt":"2021-08-02T18:35:17","slug":"paenamorarte-de-argentina-nos-brinda-un-adelanto-del-encuentro-que-realizaran-en-valencia-espana","status":"publish","type":"post","link":"http:\/\/staging.ibermusicas.org\/index.php\/paenamorarte-de-argentina-nos-brinda-un-adelanto-del-encuentro-que-realizaran-en-valencia-espana\/","title":{"rendered":"Pa\u00b4Enamorarte de Argentina nos brinda un adelanto del encuentro que realizar\u00e1n en Valencia, Espa\u00f1a"},"content":{"rendered":"<p>Pa\u00b4 Enamorarte es un proyecto de promoci\u00f3n del folklore de la Provincia de Santiago Del Estero, Argentina dentro de la Comunidad Valenciana de Espa\u00f1a. Desde una construcci\u00f3n colectiva busca generar espacios formativos y de encuentros improbables entre m\u00fasicos de Santiago del Estero y estudiantes de la Universidad de Valencia para mejorar la convivencia intercultural y fomentar la participaci\u00f3n ciudadana, as\u00ed como brindar herramientas a la investigaci\u00f3n de construcciones interculturales.<\/p>\n<p>Recientemente han lanzado un video con un avance del material sobre el que est\u00e1n trabajando, se trata del tema \u201cUna Chacarera Valenciana\u201d sobre una letra creada por los alumnos de segundo de Pedagog\u00eda de la Universidad de Valencia. Durante el mes de septiembre llevar\u00e1n adelante un encuentro presencial en la Universidad de Valencia.<\/p>\n<p>Link al video:<a href=\"https:\/\/lt.mydplr.com\/886ef8190e3eb5d37c0d741f64df3a9e-81868bec073b3970fa62af291f12b42d\" target=\"_blank\" rel=\"noopener\" data-saferedirecturl=\"https:\/\/www.google.com\/url?q=https:\/\/lt.mydplr.com\/886ef8190e3eb5d37c0d741f64df3a9e-81868bec073b3970fa62af291f12b42d&amp;source=gmail&amp;ust=1625676516246000&amp;usg=AFQjCNFRT7hRB4wJRqVJauSgeZ16MR2Tiw\">\u00a0www.youtube.com<\/a><\/p>\n","protected":false},"excerpt":{"rendered":"<p>Pa\u00b4 Enamorarte es un proyecto de promoci\u00f3n del folklore de la Provincia de Santiago Del Estero, Argentina dentro de la Comunidad Valenciana de Espa\u00f1a. Desde una construcci\u00f3n colectiva busca generar espacios formativos y de encuentros improbables entre m\u00fasicos de Santiago del Estero y estudiantes de la Universidad de Valencia para mejorar la convivencia intercultural y [&hellip;]<\/p>\n","protected":false},"author":1,"featured_media":7959,"comment_status":"closed","ping_status":"closed","sticky":false,"template":"","format":"standard","meta":{"footnotes":""},"categories":[53],"tags":[],"class_list":["post-7958","post","type-post","status-publish","format-standard","has-post-thumbnail","hentry","category-noticias-generales"],"lang":"es","translations":{"es":7958,"pt":7961},"pll_sync_post":[],"post_mailing_queue_ids":[],"_links":{"self":[{"href":"http:\/\/staging.ibermusicas.org\/index.php\/wp-json\/wp\/v2\/posts\/7958","targetHints":{"allow":["GET"]}}],"collection":[{"href":"http:\/\/staging.ibermusicas.org\/index.php\/wp-json\/wp\/v2\/posts"}],"about":[{"href":"http:\/\/staging.ibermusicas.org\/index.php\/wp-json\/wp\/v2\/types\/post"}],"author":[{"embeddable":true,"href":"http:\/\/staging.ibermusicas.org\/index.php\/wp-json\/wp\/v2\/users\/1"}],"replies":[{"embeddable":true,"href":"http:\/\/staging.ibermusicas.org\/index.php\/wp-json\/wp\/v2\/comments?post=7958"}],"version-history":[{"count":1,"href":"http:\/\/staging.ibermusicas.org\/index.php\/wp-json\/wp\/v2\/posts\/7958\/revisions"}],"predecessor-version":[{"id":7960,"href":"http:\/\/staging.ibermusicas.org\/index.php\/wp-json\/wp\/v2\/posts\/7958\/revisions\/7960"}],"wp:featuredmedia":[{"embeddable":true,"href":"http:\/\/staging.ibermusicas.org\/index.php\/wp-json\/wp\/v2\/media\/7959"}],"wp:attachment":[{"href":"http:\/\/staging.ibermusicas.org\/index.php\/wp-json\/wp\/v2\/media?parent=7958"}],"wp:term":[{"taxonomy":"category","embeddable":true,"href":"http:\/\/staging.ibermusicas.org\/index.php\/wp-json\/wp\/v2\/categories?post=7958"},{"taxonomy":"post_tag","embeddable":true,"href":"http:\/\/staging.ibermusicas.org\/index.php\/wp-json\/wp\/v2\/tags?post=7958"}],"curies":[{"name":"wp","href":"https:\/\/api.w.org\/{rel}","templated":true}]}}