{"id":7961,"date":"2021-07-06T17:25:22","date_gmt":"2021-07-06T17:25:22","guid":{"rendered":"http:\/\/staging.ibermusicas.org\/?p=7961"},"modified":"2021-08-02T18:37:30","modified_gmt":"2021-08-02T18:37:30","slug":"paenamorarte-de-argentina-nos-brinda-um-adiantamento-do-encontro-que-realizarao-em-valencia-espanha","status":"publish","type":"post","link":"http:\/\/staging.ibermusicas.org\/index.php\/paenamorarte-de-argentina-nos-brinda-um-adiantamento-do-encontro-que-realizarao-em-valencia-espanha\/","title":{"rendered":"Pa\u00b4Enamorarte de Argentina nos brinda um adiantamento do encontro que realizar\u00e3o em Valencia, Espanha"},"content":{"rendered":"<p>Pa Enamorarte \u00e9 um projeto de promo\u00e7\u00e3o do folclore da Prov\u00edncia de Santiago Del Estero, Argentina dentro da Comunidade Valenciana de Espanha. Desde uma constru\u00e7\u00e3o coletiva busca gerar espa\u00e7os formativos e de encontros improv\u00e1veis entre m\u00fasicos de Santiago del Estero e estudantes da Universidade de Valencia para melhorar a conviv\u00eancia intercultural e fomentar a participa\u00e7\u00e3o cidad\u00e3, bem como fornecer ferramentas para a investiga\u00e7\u00e3o de constru\u00e7\u00f5es interculturais.<\/p>\n<p>Recentemente lan\u00e7aram um v\u00eddeo com um avan\u00e7o do material sobre o qual est\u00e3o trabalhando, trata-se do tema \u00abUna Chacarera Valenciana\u00bb sobre uma letra criada pelos alunos de segundo de Pedagogia da Universidade de Valencia. Durante o m\u00eas de setembro realizar\u00e3o um encontro presencial na Universidade de Val\u00eancia.<\/p>\n<p>Link al video:<a href=\"https:\/\/lt.mydplr.com\/886ef8190e3eb5d37c0d741f64df3a9e-81868bec073b3970fa62af291f12b42d\" target=\"_blank\" rel=\"noopener\" data-saferedirecturl=\"https:\/\/www.google.com\/url?q=https:\/\/lt.mydplr.com\/886ef8190e3eb5d37c0d741f64df3a9e-81868bec073b3970fa62af291f12b42d&amp;source=gmail&amp;ust=1625676516246000&amp;usg=AFQjCNFRT7hRB4wJRqVJauSgeZ16MR2Tiw\">\u00a0www.youtube.com<\/a><\/p>\n","protected":false},"excerpt":{"rendered":"<p>Pa Enamorarte \u00e9 um projeto de promo\u00e7\u00e3o do folclore da Prov\u00edncia de Santiago Del Estero, Argentina dentro da Comunidade Valenciana de Espanha. Desde uma constru\u00e7\u00e3o coletiva busca gerar espa\u00e7os formativos e de encontros improv\u00e1veis entre m\u00fasicos de Santiago del Estero e estudantes da Universidade de Valencia para melhorar a conviv\u00eancia intercultural e fomentar a participa\u00e7\u00e3o [&hellip;]<\/p>\n","protected":false},"author":1,"featured_media":7959,"comment_status":"closed","ping_status":"closed","sticky":false,"template":"","format":"standard","meta":{"footnotes":""},"categories":[218],"tags":[],"class_list":["post-7961","post","type-post","status-publish","format-standard","has-post-thumbnail","hentry","category-noticias-generales-pt"],"lang":"pt","translations":{"pt":7961,"es":7958},"pll_sync_post":[],"post_mailing_queue_ids":[],"_links":{"self":[{"href":"http:\/\/staging.ibermusicas.org\/index.php\/wp-json\/wp\/v2\/posts\/7961","targetHints":{"allow":["GET"]}}],"collection":[{"href":"http:\/\/staging.ibermusicas.org\/index.php\/wp-json\/wp\/v2\/posts"}],"about":[{"href":"http:\/\/staging.ibermusicas.org\/index.php\/wp-json\/wp\/v2\/types\/post"}],"author":[{"embeddable":true,"href":"http:\/\/staging.ibermusicas.org\/index.php\/wp-json\/wp\/v2\/users\/1"}],"replies":[{"embeddable":true,"href":"http:\/\/staging.ibermusicas.org\/index.php\/wp-json\/wp\/v2\/comments?post=7961"}],"version-history":[{"count":1,"href":"http:\/\/staging.ibermusicas.org\/index.php\/wp-json\/wp\/v2\/posts\/7961\/revisions"}],"predecessor-version":[{"id":7962,"href":"http:\/\/staging.ibermusicas.org\/index.php\/wp-json\/wp\/v2\/posts\/7961\/revisions\/7962"}],"wp:featuredmedia":[{"embeddable":true,"href":"http:\/\/staging.ibermusicas.org\/index.php\/wp-json\/wp\/v2\/media\/7959"}],"wp:attachment":[{"href":"http:\/\/staging.ibermusicas.org\/index.php\/wp-json\/wp\/v2\/media?parent=7961"}],"wp:term":[{"taxonomy":"category","embeddable":true,"href":"http:\/\/staging.ibermusicas.org\/index.php\/wp-json\/wp\/v2\/categories?post=7961"},{"taxonomy":"post_tag","embeddable":true,"href":"http:\/\/staging.ibermusicas.org\/index.php\/wp-json\/wp\/v2\/tags?post=7961"}],"curies":[{"name":"wp","href":"https:\/\/api.w.org\/{rel}","templated":true}]}}