{"id":7963,"date":"2021-07-06T17:26:27","date_gmt":"2021-07-06T17:26:27","guid":{"rendered":"http:\/\/staging.ibermusicas.org\/?p=7963"},"modified":"2021-08-02T18:35:07","modified_gmt":"2021-08-02T18:35:07","slug":"desde-tacna-peru-edwin-salamanca-continua-su-ciclo-de-encuentros-en-este-caso-presentando-al-grupo-makanudo","status":"publish","type":"post","link":"http:\/\/staging.ibermusicas.org\/index.php\/desde-tacna-peru-edwin-salamanca-continua-su-ciclo-de-encuentros-en-este-caso-presentando-al-grupo-makanudo\/","title":{"rendered":"Desde Tacna, Per\u00fa, Edwin Salamanca contin\u00faa su ciclo de encuentros, en este caso presentando al Grupo Makanudo"},"content":{"rendered":"<p>Con el objetivo de realizar actividades de rescate, difusi\u00f3n e impulso de m\u00fasica tradicional de la regi\u00f3n de Tacna mediante conciertos, intercambio cultural, conversatorios y entrevistas el m\u00fasico y docente peruano Edwin Salamanca Garc\u00eda propiciar\u00e1 la presentaci\u00f3n del grupo Makanudo con su concierto de homenaje a la m\u00fasica del Per\u00fa.<\/p>\n<p>Martes 27 de julio 20:00 hs. (hora de Per\u00fa)<br \/>\n<a href=\"https:\/\/lt.mydplr.com\/6016056dde9c0728500c752eaac33dbf-81868bec073b3970fa62af291f12b42d\" target=\"_blank\" rel=\"noopener\" data-saferedirecturl=\"https:\/\/www.google.com\/url?q=https:\/\/lt.mydplr.com\/6016056dde9c0728500c752eaac33dbf-81868bec073b3970fa62af291f12b42d&amp;source=gmail&amp;ust=1625676516246000&amp;usg=AFQjCNH2x-FF60Gy4SAXKfKVCqBYikPhCg\">www.facebook.com<\/a><\/p>\n","protected":false},"excerpt":{"rendered":"<p>Con el objetivo de realizar actividades de rescate, difusi\u00f3n e impulso de m\u00fasica tradicional de la regi\u00f3n de Tacna mediante conciertos, intercambio cultural, conversatorios y entrevistas el m\u00fasico y docente peruano Edwin Salamanca Garc\u00eda propiciar\u00e1 la presentaci\u00f3n del grupo Makanudo con su concierto de homenaje a la m\u00fasica del Per\u00fa. Martes 27 de julio 20:00 [&hellip;]<\/p>\n","protected":false},"author":1,"featured_media":7964,"comment_status":"closed","ping_status":"closed","sticky":false,"template":"","format":"standard","meta":{"footnotes":""},"categories":[53],"tags":[],"class_list":["post-7963","post","type-post","status-publish","format-standard","has-post-thumbnail","hentry","category-noticias-generales"],"lang":"es","translations":{"es":7963,"pt":7966},"pll_sync_post":[],"post_mailing_queue_ids":[],"_links":{"self":[{"href":"http:\/\/staging.ibermusicas.org\/index.php\/wp-json\/wp\/v2\/posts\/7963","targetHints":{"allow":["GET"]}}],"collection":[{"href":"http:\/\/staging.ibermusicas.org\/index.php\/wp-json\/wp\/v2\/posts"}],"about":[{"href":"http:\/\/staging.ibermusicas.org\/index.php\/wp-json\/wp\/v2\/types\/post"}],"author":[{"embeddable":true,"href":"http:\/\/staging.ibermusicas.org\/index.php\/wp-json\/wp\/v2\/users\/1"}],"replies":[{"embeddable":true,"href":"http:\/\/staging.ibermusicas.org\/index.php\/wp-json\/wp\/v2\/comments?post=7963"}],"version-history":[{"count":1,"href":"http:\/\/staging.ibermusicas.org\/index.php\/wp-json\/wp\/v2\/posts\/7963\/revisions"}],"predecessor-version":[{"id":7965,"href":"http:\/\/staging.ibermusicas.org\/index.php\/wp-json\/wp\/v2\/posts\/7963\/revisions\/7965"}],"wp:featuredmedia":[{"embeddable":true,"href":"http:\/\/staging.ibermusicas.org\/index.php\/wp-json\/wp\/v2\/media\/7964"}],"wp:attachment":[{"href":"http:\/\/staging.ibermusicas.org\/index.php\/wp-json\/wp\/v2\/media?parent=7963"}],"wp:term":[{"taxonomy":"category","embeddable":true,"href":"http:\/\/staging.ibermusicas.org\/index.php\/wp-json\/wp\/v2\/categories?post=7963"},{"taxonomy":"post_tag","embeddable":true,"href":"http:\/\/staging.ibermusicas.org\/index.php\/wp-json\/wp\/v2\/tags?post=7963"}],"curies":[{"name":"wp","href":"https:\/\/api.w.org\/{rel}","templated":true}]}}