{"id":7966,"date":"2021-07-06T17:28:33","date_gmt":"2021-07-06T17:28:33","guid":{"rendered":"http:\/\/staging.ibermusicas.org\/?p=7966"},"modified":"2021-08-02T18:37:24","modified_gmt":"2021-08-02T18:37:24","slug":"de-tacna-peru-edwin-salamanca-continua-seu-ciclo-de-encontros-neste-caso-apresentando-ao-grupo-makanudo","status":"publish","type":"post","link":"http:\/\/staging.ibermusicas.org\/index.php\/de-tacna-peru-edwin-salamanca-continua-seu-ciclo-de-encontros-neste-caso-apresentando-ao-grupo-makanudo\/","title":{"rendered":"De Tacna, Peru, Edwin Salamanca continua seu ciclo de encontros, neste caso apresentando ao Grupo Makanudo"},"content":{"rendered":"<p>Com o objetivo de realizar atividades de resgate, divulga\u00e7\u00e3o e promo\u00e7\u00e3o da m\u00fasica tradicional da regi\u00e3o de Tacna por meio de shows, interc\u00e2mbios culturais, palestras e entrevistas, o m\u00fasico e professor peruano Edwin Salamanca Garc\u00eda propiciar\u00e1 a apresenta\u00e7\u00e3o do grupo Makanudo com seu concerto de homenagem \u00e0 m\u00fasica do Peru.<\/p>\n<p>&nbsp;<\/p>\n<p>Ter\u00e7a-feira 27 20:00 hs. de julho (Hora do Peru)<\/p>\n<p><a href=\"https:\/\/www.facebook.com\/edwinsalamancamusic\">https:\/\/www.facebook.com\/edwinsalamancamusic<\/a><\/p>\n","protected":false},"excerpt":{"rendered":"<p>Com o objetivo de realizar atividades de resgate, divulga\u00e7\u00e3o e promo\u00e7\u00e3o da m\u00fasica tradicional da regi\u00e3o de Tacna por meio de shows, interc\u00e2mbios culturais, palestras e entrevistas, o m\u00fasico e professor peruano Edwin Salamanca Garc\u00eda propiciar\u00e1 a apresenta\u00e7\u00e3o do grupo Makanudo com seu concerto de homenagem \u00e0 m\u00fasica do Peru. &nbsp; Ter\u00e7a-feira 27 20:00 hs. [&hellip;]<\/p>\n","protected":false},"author":1,"featured_media":7964,"comment_status":"closed","ping_status":"closed","sticky":false,"template":"","format":"standard","meta":{"footnotes":""},"categories":[218],"tags":[],"class_list":["post-7966","post","type-post","status-publish","format-standard","has-post-thumbnail","hentry","category-noticias-generales-pt"],"lang":"pt","translations":{"pt":7966,"es":7963},"pll_sync_post":[],"post_mailing_queue_ids":[],"_links":{"self":[{"href":"http:\/\/staging.ibermusicas.org\/index.php\/wp-json\/wp\/v2\/posts\/7966","targetHints":{"allow":["GET"]}}],"collection":[{"href":"http:\/\/staging.ibermusicas.org\/index.php\/wp-json\/wp\/v2\/posts"}],"about":[{"href":"http:\/\/staging.ibermusicas.org\/index.php\/wp-json\/wp\/v2\/types\/post"}],"author":[{"embeddable":true,"href":"http:\/\/staging.ibermusicas.org\/index.php\/wp-json\/wp\/v2\/users\/1"}],"replies":[{"embeddable":true,"href":"http:\/\/staging.ibermusicas.org\/index.php\/wp-json\/wp\/v2\/comments?post=7966"}],"version-history":[{"count":1,"href":"http:\/\/staging.ibermusicas.org\/index.php\/wp-json\/wp\/v2\/posts\/7966\/revisions"}],"predecessor-version":[{"id":7967,"href":"http:\/\/staging.ibermusicas.org\/index.php\/wp-json\/wp\/v2\/posts\/7966\/revisions\/7967"}],"wp:featuredmedia":[{"embeddable":true,"href":"http:\/\/staging.ibermusicas.org\/index.php\/wp-json\/wp\/v2\/media\/7964"}],"wp:attachment":[{"href":"http:\/\/staging.ibermusicas.org\/index.php\/wp-json\/wp\/v2\/media?parent=7966"}],"wp:term":[{"taxonomy":"category","embeddable":true,"href":"http:\/\/staging.ibermusicas.org\/index.php\/wp-json\/wp\/v2\/categories?post=7966"},{"taxonomy":"post_tag","embeddable":true,"href":"http:\/\/staging.ibermusicas.org\/index.php\/wp-json\/wp\/v2\/tags?post=7966"}],"curies":[{"name":"wp","href":"https:\/\/api.w.org\/{rel}","templated":true}]}}