{"id":7990,"date":"2019-03-06T19:05:46","date_gmt":"2019-03-06T19:05:46","guid":{"rendered":"http:\/\/staging.ibermusicas.org\/?p=7990"},"modified":"2021-07-07T19:07:24","modified_gmt":"2021-07-07T19:07:24","slug":"la-banda-costarricense-sonambulo-psicotropical-emprendera-una-gira-por-mexico","status":"publish","type":"post","link":"http:\/\/staging.ibermusicas.org\/index.php\/la-banda-costarricense-sonambulo-psicotropical-emprendera-una-gira-por-mexico\/","title":{"rendered":"La banda Costarricense Son\u00e1mbulo Psicotropical emprender\u00e1 una Gira por M\u00e9xico"},"content":{"rendered":"<p><span data-sheets-value=\"{&quot;1&quot;:2,&quot;2&quot;:&quot;Son\u00e1mbulo Psicotropical es una banda de Costa Rica considerada actualmente como una de las m\u00e1s importantes de la escena musical costarricense, fusionan distintos ritmos afro, latinos y americanos en lo que ellos han denominado g\u00e9nero Psicotropical. &quot;}\" data-sheets-userformat=\"{&quot;2&quot;:513,&quot;3&quot;:{&quot;1&quot;:0},&quot;12&quot;:0}\">Son\u00e1mbulo Psicotropical es una banda de Costa Rica considerada actualmente como una de las m\u00e1s importantes de la escena musical costarricense, fusionan distintos ritmos afro, latinos y americanos en lo que ellos han denominado g\u00e9nero Psicotropical. <\/span><\/p>\n","protected":false},"excerpt":{"rendered":"<p>Son\u00e1mbulo Psicotropical es una banda de Costa Rica considerada actualmente como una de las m\u00e1s importantes de la escena musical costarricense, fusionan distintos ritmos afro, latinos y americanos en lo que ellos han denominado g\u00e9nero Psicotropical.<\/p>\n","protected":false},"author":1,"featured_media":7991,"comment_status":"closed","ping_status":"closed","sticky":false,"template":"","format":"standard","meta":{"footnotes":""},"categories":[53],"tags":[],"class_list":["post-7990","post","type-post","status-publish","format-standard","has-post-thumbnail","hentry","category-noticias-generales"],"lang":"es","translations":{"es":7990},"pll_sync_post":[],"post_mailing_queue_ids":[],"_links":{"self":[{"href":"http:\/\/staging.ibermusicas.org\/index.php\/wp-json\/wp\/v2\/posts\/7990","targetHints":{"allow":["GET"]}}],"collection":[{"href":"http:\/\/staging.ibermusicas.org\/index.php\/wp-json\/wp\/v2\/posts"}],"about":[{"href":"http:\/\/staging.ibermusicas.org\/index.php\/wp-json\/wp\/v2\/types\/post"}],"author":[{"embeddable":true,"href":"http:\/\/staging.ibermusicas.org\/index.php\/wp-json\/wp\/v2\/users\/1"}],"replies":[{"embeddable":true,"href":"http:\/\/staging.ibermusicas.org\/index.php\/wp-json\/wp\/v2\/comments?post=7990"}],"version-history":[{"count":1,"href":"http:\/\/staging.ibermusicas.org\/index.php\/wp-json\/wp\/v2\/posts\/7990\/revisions"}],"predecessor-version":[{"id":7992,"href":"http:\/\/staging.ibermusicas.org\/index.php\/wp-json\/wp\/v2\/posts\/7990\/revisions\/7992"}],"wp:featuredmedia":[{"embeddable":true,"href":"http:\/\/staging.ibermusicas.org\/index.php\/wp-json\/wp\/v2\/media\/7991"}],"wp:attachment":[{"href":"http:\/\/staging.ibermusicas.org\/index.php\/wp-json\/wp\/v2\/media?parent=7990"}],"wp:term":[{"taxonomy":"category","embeddable":true,"href":"http:\/\/staging.ibermusicas.org\/index.php\/wp-json\/wp\/v2\/categories?post=7990"},{"taxonomy":"post_tag","embeddable":true,"href":"http:\/\/staging.ibermusicas.org\/index.php\/wp-json\/wp\/v2\/tags?post=7990"}],"curies":[{"name":"wp","href":"https:\/\/api.w.org\/{rel}","templated":true}]}}