{"id":7997,"date":"2019-04-02T19:09:22","date_gmt":"2019-04-02T19:09:22","guid":{"rendered":"http:\/\/staging.ibermusicas.org\/?p=7997"},"modified":"2021-07-07T19:10:02","modified_gmt":"2021-07-07T19:10:02","slug":"ibermusicas-anuncia-nuevo-calendario-de-convocatorias","status":"publish","type":"post","link":"http:\/\/staging.ibermusicas.org\/index.php\/ibermusicas-anuncia-nuevo-calendario-de-convocatorias\/","title":{"rendered":"Iberm\u00fasicas anuncia nuevo calendario de convocatorias"},"content":{"rendered":"<p><span data-sheets-value=\"{&quot;1&quot;:2,&quot;2&quot;:&quot;Nos complace comunicar a toda la comunidad musical iberoamericana que en la \u00faltima reuni\u00f3n de Consejo Intergubernamental de Iberm\u00fasicas, realizada en el mes de marzo en la ciudad de Madrid, Espa\u00f1a, las autoridades del Programa han decidido que en atenci\u00f3n a la din\u00e1mica propia del ecosistema musical regional se establezca un nuevo cronograma de apertura y cierre de convocatorias.\\r \\r &quot;}\" data-sheets-userformat=\"{&quot;2&quot;:513,&quot;3&quot;:{&quot;1&quot;:0},&quot;12&quot;:0}\">Nos complace comunicar a toda la comunidad musical iberoamericana que en la \u00faltima reuni\u00f3n de Consejo Intergubernamental de Iberm\u00fasicas, realizada en el mes de marzo en la ciudad de Madrid, Espa\u00f1a, las autoridades del Programa han decidido que en atenci\u00f3n a la din\u00e1mica propia del ecosistema musical regional se establezca un nuevo cronograma de apertura y cierre de convocatorias. <\/span><\/p>\n","protected":false},"excerpt":{"rendered":"<p>Nos complace comunicar a toda la comunidad musical iberoamericana que en la \u00faltima reuni\u00f3n de Consejo Intergubernamental de Iberm\u00fasicas, realizada en el mes de marzo en la ciudad de Madrid, Espa\u00f1a, las autoridades del Programa han decidido que en atenci\u00f3n a la din\u00e1mica propia del ecosistema musical regional se establezca un nuevo cronograma de apertura [&hellip;]<\/p>\n","protected":false},"author":1,"featured_media":0,"comment_status":"closed","ping_status":"closed","sticky":false,"template":"","format":"standard","meta":{"footnotes":""},"categories":[53],"tags":[],"class_list":["post-7997","post","type-post","status-publish","format-standard","hentry","category-noticias-generales"],"lang":"es","translations":{"es":7997},"pll_sync_post":[],"post_mailing_queue_ids":[],"_links":{"self":[{"href":"http:\/\/staging.ibermusicas.org\/index.php\/wp-json\/wp\/v2\/posts\/7997","targetHints":{"allow":["GET"]}}],"collection":[{"href":"http:\/\/staging.ibermusicas.org\/index.php\/wp-json\/wp\/v2\/posts"}],"about":[{"href":"http:\/\/staging.ibermusicas.org\/index.php\/wp-json\/wp\/v2\/types\/post"}],"author":[{"embeddable":true,"href":"http:\/\/staging.ibermusicas.org\/index.php\/wp-json\/wp\/v2\/users\/1"}],"replies":[{"embeddable":true,"href":"http:\/\/staging.ibermusicas.org\/index.php\/wp-json\/wp\/v2\/comments?post=7997"}],"version-history":[{"count":1,"href":"http:\/\/staging.ibermusicas.org\/index.php\/wp-json\/wp\/v2\/posts\/7997\/revisions"}],"predecessor-version":[{"id":7998,"href":"http:\/\/staging.ibermusicas.org\/index.php\/wp-json\/wp\/v2\/posts\/7997\/revisions\/7998"}],"wp:attachment":[{"href":"http:\/\/staging.ibermusicas.org\/index.php\/wp-json\/wp\/v2\/media?parent=7997"}],"wp:term":[{"taxonomy":"category","embeddable":true,"href":"http:\/\/staging.ibermusicas.org\/index.php\/wp-json\/wp\/v2\/categories?post=7997"},{"taxonomy":"post_tag","embeddable":true,"href":"http:\/\/staging.ibermusicas.org\/index.php\/wp-json\/wp\/v2\/tags?post=7997"}],"curies":[{"name":"wp","href":"https:\/\/api.w.org\/{rel}","templated":true}]}}