{"id":8002,"date":"2019-05-07T19:11:38","date_gmt":"2019-05-07T19:11:38","guid":{"rendered":"http:\/\/staging.ibermusicas.org\/?p=8002"},"modified":"2021-07-07T19:14:26","modified_gmt":"2021-07-07T19:14:26","slug":"el-compositor-argentino-gustavo-de-leonardis-inicia-su-residencia-compositiva-en-la-ciudad-de-bogota-en-el-circulo-colombiano-de-musica-contemporanea","status":"publish","type":"post","link":"http:\/\/staging.ibermusicas.org\/index.php\/el-compositor-argentino-gustavo-de-leonardis-inicia-su-residencia-compositiva-en-la-ciudad-de-bogota-en-el-circulo-colombiano-de-musica-contemporanea\/","title":{"rendered":"El compositor argentino Gustavo De Leonardis inicia su residencia compositiva en la ciudad de Bogot\u00e1 en el C\u00edrculo Colombiano de M\u00fasica Contempor\u00e1nea"},"content":{"rendered":"<p><span data-sheets-value=\"{&quot;1&quot;:2,&quot;2&quot;:&quot;Gustavo De Leonardis naci\u00f3 en la ciudad de Mar Del Plata. Actualmente vive y trabaja en Buenos Aires. Es compositor, pianista, bajista, productor musical y docente universitario. Licenciado en Artes Musicales con orientaci\u00f3n en Composici\u00f3n (Universidad Nacional de las Artes). Estudi\u00f3 composici\u00f3n en la UNA con Fernando Maglia y orquestaci\u00f3n con Luis Arias. &quot;}\" data-sheets-userformat=\"{&quot;2&quot;:513,&quot;3&quot;:{&quot;1&quot;:0},&quot;12&quot;:0}\">Gustavo De Leonardis naci\u00f3 en la ciudad de Mar Del Plata. Actualmente vive y trabaja en Buenos Aires. Es compositor, pianista, bajista, productor musical y docente universitario. Licenciado en Artes Musicales con orientaci\u00f3n en Composici\u00f3n (Universidad Nacional de las Artes). Estudi\u00f3 composici\u00f3n en la UNA con Fernando Maglia y orquestaci\u00f3n con Luis Arias. <\/span><\/p>\n","protected":false},"excerpt":{"rendered":"<p>Gustavo De Leonardis naci\u00f3 en la ciudad de Mar Del Plata. Actualmente vive y trabaja en Buenos Aires. Es compositor, pianista, bajista, productor musical y docente universitario. Licenciado en Artes Musicales con orientaci\u00f3n en Composici\u00f3n (Universidad Nacional de las Artes). Estudi\u00f3 composici\u00f3n en la UNA con Fernando Maglia y orquestaci\u00f3n con Luis Arias.<\/p>\n","protected":false},"author":1,"featured_media":8004,"comment_status":"closed","ping_status":"closed","sticky":false,"template":"","format":"standard","meta":{"footnotes":""},"categories":[53],"tags":[],"class_list":["post-8002","post","type-post","status-publish","format-standard","has-post-thumbnail","hentry","category-noticias-generales"],"lang":"es","translations":{"es":8002},"pll_sync_post":[],"post_mailing_queue_ids":[],"_links":{"self":[{"href":"http:\/\/staging.ibermusicas.org\/index.php\/wp-json\/wp\/v2\/posts\/8002","targetHints":{"allow":["GET"]}}],"collection":[{"href":"http:\/\/staging.ibermusicas.org\/index.php\/wp-json\/wp\/v2\/posts"}],"about":[{"href":"http:\/\/staging.ibermusicas.org\/index.php\/wp-json\/wp\/v2\/types\/post"}],"author":[{"embeddable":true,"href":"http:\/\/staging.ibermusicas.org\/index.php\/wp-json\/wp\/v2\/users\/1"}],"replies":[{"embeddable":true,"href":"http:\/\/staging.ibermusicas.org\/index.php\/wp-json\/wp\/v2\/comments?post=8002"}],"version-history":[{"count":1,"href":"http:\/\/staging.ibermusicas.org\/index.php\/wp-json\/wp\/v2\/posts\/8002\/revisions"}],"predecessor-version":[{"id":8006,"href":"http:\/\/staging.ibermusicas.org\/index.php\/wp-json\/wp\/v2\/posts\/8002\/revisions\/8006"}],"wp:featuredmedia":[{"embeddable":true,"href":"http:\/\/staging.ibermusicas.org\/index.php\/wp-json\/wp\/v2\/media\/8004"}],"wp:attachment":[{"href":"http:\/\/staging.ibermusicas.org\/index.php\/wp-json\/wp\/v2\/media?parent=8002"}],"wp:term":[{"taxonomy":"category","embeddable":true,"href":"http:\/\/staging.ibermusicas.org\/index.php\/wp-json\/wp\/v2\/categories?post=8002"},{"taxonomy":"post_tag","embeddable":true,"href":"http:\/\/staging.ibermusicas.org\/index.php\/wp-json\/wp\/v2\/tags?post=8002"}],"curies":[{"name":"wp","href":"https:\/\/api.w.org\/{rel}","templated":true}]}}