{"id":8013,"date":"2019-04-01T19:18:47","date_gmt":"2019-04-01T19:18:47","guid":{"rendered":"http:\/\/staging.ibermusicas.org\/?p=8013"},"modified":"2021-07-07T19:19:51","modified_gmt":"2021-07-07T19:19:51","slug":"el-festival-america-cantat-realiza-en-panama-su-novena-edicion","status":"publish","type":"post","link":"http:\/\/staging.ibermusicas.org\/index.php\/el-festival-america-cantat-realiza-en-panama-su-novena-edicion\/","title":{"rendered":"El Festival \u201cAm\u00e9rica Cantat\u201d realiza en Panam\u00e1 su novena edici\u00f3n"},"content":{"rendered":"<p><span data-sheets-value=\"{&quot;1&quot;:2,&quot;2&quot;:&quot;La ciudad de Panam\u00e1 celebra los 500 a\u00f1os de su fundaci\u00f3n y suma a esta celebraci\u00f3n dos fiestas importantes: ser la Capital Cultural de Iberoam\u00e9rica y ser la sede de la novena edici\u00f3n del Festival Coral Am\u00e9rica Cantat, el encuentro coral m\u00e1s importante de Am\u00e9rica. Esta versi\u00f3n de Am\u00e9rica Cantat ser\u00e1 la fiesta de la m\u00fasica y la alegr\u00eda de Panam\u00e1, ofrecida al mundo. Un canto a la vida que es tambi\u00e9n un aporte cultural para los habitantes de la ciudad y para sus visitantes.\\r &quot;}\" data-sheets-userformat=\"{&quot;2&quot;:513,&quot;3&quot;:{&quot;1&quot;:0},&quot;12&quot;:0}\">La ciudad de Panam\u00e1 celebra los 500 a\u00f1os de su fundaci\u00f3n y suma a esta celebraci\u00f3n dos fiestas importantes: ser la Capital Cultural de Iberoam\u00e9rica y ser la sede de la novena edici\u00f3n del Festival Coral Am\u00e9rica Cantat, el encuentro coral m\u00e1s importante de Am\u00e9rica. Esta versi\u00f3n de Am\u00e9rica Cantat ser\u00e1 la fiesta de la m\u00fasica y la alegr\u00eda de Panam\u00e1, ofrecida al mundo. Un canto a la vida que es tambi\u00e9n un aporte cultural para los habitantes de la ciudad y para sus visitantes. <\/span><\/p>\n","protected":false},"excerpt":{"rendered":"<p>La ciudad de Panam\u00e1 celebra los 500 a\u00f1os de su fundaci\u00f3n y suma a esta celebraci\u00f3n dos fiestas importantes: ser la Capital Cultural de Iberoam\u00e9rica y ser la sede de la novena edici\u00f3n del Festival Coral Am\u00e9rica Cantat, el encuentro coral m\u00e1s importante de Am\u00e9rica. Esta versi\u00f3n de Am\u00e9rica Cantat ser\u00e1 la fiesta de la [&hellip;]<\/p>\n","protected":false},"author":1,"featured_media":8014,"comment_status":"closed","ping_status":"closed","sticky":false,"template":"","format":"standard","meta":{"footnotes":""},"categories":[53],"tags":[],"class_list":["post-8013","post","type-post","status-publish","format-standard","has-post-thumbnail","hentry","category-noticias-generales"],"lang":"es","translations":{"es":8013},"pll_sync_post":[],"post_mailing_queue_ids":[],"_links":{"self":[{"href":"http:\/\/staging.ibermusicas.org\/index.php\/wp-json\/wp\/v2\/posts\/8013","targetHints":{"allow":["GET"]}}],"collection":[{"href":"http:\/\/staging.ibermusicas.org\/index.php\/wp-json\/wp\/v2\/posts"}],"about":[{"href":"http:\/\/staging.ibermusicas.org\/index.php\/wp-json\/wp\/v2\/types\/post"}],"author":[{"embeddable":true,"href":"http:\/\/staging.ibermusicas.org\/index.php\/wp-json\/wp\/v2\/users\/1"}],"replies":[{"embeddable":true,"href":"http:\/\/staging.ibermusicas.org\/index.php\/wp-json\/wp\/v2\/comments?post=8013"}],"version-history":[{"count":1,"href":"http:\/\/staging.ibermusicas.org\/index.php\/wp-json\/wp\/v2\/posts\/8013\/revisions"}],"predecessor-version":[{"id":8015,"href":"http:\/\/staging.ibermusicas.org\/index.php\/wp-json\/wp\/v2\/posts\/8013\/revisions\/8015"}],"wp:featuredmedia":[{"embeddable":true,"href":"http:\/\/staging.ibermusicas.org\/index.php\/wp-json\/wp\/v2\/media\/8014"}],"wp:attachment":[{"href":"http:\/\/staging.ibermusicas.org\/index.php\/wp-json\/wp\/v2\/media?parent=8013"}],"wp:term":[{"taxonomy":"category","embeddable":true,"href":"http:\/\/staging.ibermusicas.org\/index.php\/wp-json\/wp\/v2\/categories?post=8013"},{"taxonomy":"post_tag","embeddable":true,"href":"http:\/\/staging.ibermusicas.org\/index.php\/wp-json\/wp\/v2\/tags?post=8013"}],"curies":[{"name":"wp","href":"https:\/\/api.w.org\/{rel}","templated":true}]}}