{"id":8022,"date":"2019-05-09T19:22:40","date_gmt":"2019-05-09T19:22:40","guid":{"rendered":"http:\/\/staging.ibermusicas.org\/?p=8022"},"modified":"2021-07-07T19:23:47","modified_gmt":"2021-07-07T19:23:47","slug":"el-guitarrista-brasileno-ezequiel-piaz-viajara-a-costa-rica-donde-realizara-diversas-presentaciones","status":"publish","type":"post","link":"http:\/\/staging.ibermusicas.org\/index.php\/el-guitarrista-brasileno-ezequiel-piaz-viajara-a-costa-rica-donde-realizara-diversas-presentaciones\/","title":{"rendered":"El guitarrista brasile\u00f1o Ezequiel Piaz viajar\u00e1 a Costa Rica donde realizar\u00e1 diversas presentaciones"},"content":{"rendered":"<p><span data-sheets-value=\"{&quot;1&quot;:2,&quot;2&quot;:&quot;Ezequiel Piaz es compositor, multi-instrumentista, arreglador, productor y educador musical. Uno de los grandes guitarristas del Brasil en la actualidad, con cuatro CD solistas en su haber.\\r \\r &quot;}\" data-sheets-userformat=\"{&quot;2&quot;:513,&quot;3&quot;:{&quot;1&quot;:0},&quot;12&quot;:0}\">Ezequiel Piaz es compositor, multi-instrumentista, arreglador, productor y educador musical. Uno de los grandes guitarristas del Brasil en la actualidad, con cuatro CD solistas en su haber. <\/span><\/p>\n","protected":false},"excerpt":{"rendered":"<p>Ezequiel Piaz es compositor, multi-instrumentista, arreglador, productor y educador musical. Uno de los grandes guitarristas del Brasil en la actualidad, con cuatro CD solistas en su haber.<\/p>\n","protected":false},"author":1,"featured_media":8023,"comment_status":"closed","ping_status":"closed","sticky":false,"template":"","format":"standard","meta":{"footnotes":""},"categories":[53],"tags":[],"class_list":["post-8022","post","type-post","status-publish","format-standard","has-post-thumbnail","hentry","category-noticias-generales"],"lang":"es","translations":{"es":8022},"pll_sync_post":[],"post_mailing_queue_ids":[],"_links":{"self":[{"href":"http:\/\/staging.ibermusicas.org\/index.php\/wp-json\/wp\/v2\/posts\/8022","targetHints":{"allow":["GET"]}}],"collection":[{"href":"http:\/\/staging.ibermusicas.org\/index.php\/wp-json\/wp\/v2\/posts"}],"about":[{"href":"http:\/\/staging.ibermusicas.org\/index.php\/wp-json\/wp\/v2\/types\/post"}],"author":[{"embeddable":true,"href":"http:\/\/staging.ibermusicas.org\/index.php\/wp-json\/wp\/v2\/users\/1"}],"replies":[{"embeddable":true,"href":"http:\/\/staging.ibermusicas.org\/index.php\/wp-json\/wp\/v2\/comments?post=8022"}],"version-history":[{"count":1,"href":"http:\/\/staging.ibermusicas.org\/index.php\/wp-json\/wp\/v2\/posts\/8022\/revisions"}],"predecessor-version":[{"id":8024,"href":"http:\/\/staging.ibermusicas.org\/index.php\/wp-json\/wp\/v2\/posts\/8022\/revisions\/8024"}],"wp:featuredmedia":[{"embeddable":true,"href":"http:\/\/staging.ibermusicas.org\/index.php\/wp-json\/wp\/v2\/media\/8023"}],"wp:attachment":[{"href":"http:\/\/staging.ibermusicas.org\/index.php\/wp-json\/wp\/v2\/media?parent=8022"}],"wp:term":[{"taxonomy":"category","embeddable":true,"href":"http:\/\/staging.ibermusicas.org\/index.php\/wp-json\/wp\/v2\/categories?post=8022"},{"taxonomy":"post_tag","embeddable":true,"href":"http:\/\/staging.ibermusicas.org\/index.php\/wp-json\/wp\/v2\/tags?post=8022"}],"curies":[{"name":"wp","href":"https:\/\/api.w.org\/{rel}","templated":true}]}}