{"id":8025,"date":"2019-03-25T19:24:10","date_gmt":"2019-03-25T19:24:10","guid":{"rendered":"http:\/\/staging.ibermusicas.org\/?p=8025"},"modified":"2021-07-07T19:25:08","modified_gmt":"2021-07-07T19:25:08","slug":"el-percusionista-mexicano-juan-martinez-realizara-conciertos-y-clases-magistrales-en-el-festival-internacional-de-percusion-percueafit-de-medellin-colombia","status":"publish","type":"post","link":"http:\/\/staging.ibermusicas.org\/index.php\/el-percusionista-mexicano-juan-martinez-realizara-conciertos-y-clases-magistrales-en-el-festival-internacional-de-percusion-percueafit-de-medellin-colombia\/","title":{"rendered":"El percusionista mexicano Juan Mart\u00ednez realizar\u00e1 conciertos y clases magistrales en el Festival Internacional de Percusi\u00f3n PercuEAFIT de Medell\u00edn, Colombia"},"content":{"rendered":"<p><span data-sheets-value=\"{&quot;1&quot;:2,&quot;2&quot;:&quot;Juan Mart\u00ednez naci\u00f3 en Naranjos, Veracruz, M\u00e9xico. Estudi\u00f3 la licenciatura en Percusiones en la Facultad de M\u00fasica de la Universidad Veracruzana, y posteriormente la Maestr\u00eda en Percusi\u00f3n Cl\u00e1sica en el Royal Conservatoire de La Haya, Holanda, gracias a la beca otorgada por el FONCA como parte del Programa de Apoyos para Estudios en el Extranjero.&quot;}\" data-sheets-userformat=\"{&quot;2&quot;:513,&quot;3&quot;:{&quot;1&quot;:0},&quot;12&quot;:0}\">Juan Mart\u00ednez naci\u00f3 en Naranjos, Veracruz, M\u00e9xico. Estudi\u00f3 la licenciatura en Percusiones en la Facultad de M\u00fasica de la Universidad Veracruzana, y posteriormente la Maestr\u00eda en Percusi\u00f3n Cl\u00e1sica en el Royal Conservatoire de La Haya, Holanda, gracias a la beca otorgada por el FONCA como parte del Programa de Apoyos para Estudios en el Extranjero.<\/span><\/p>\n","protected":false},"excerpt":{"rendered":"<p>Juan Mart\u00ednez naci\u00f3 en Naranjos, Veracruz, M\u00e9xico. Estudi\u00f3 la licenciatura en Percusiones en la Facultad de M\u00fasica de la Universidad Veracruzana, y posteriormente la Maestr\u00eda en Percusi\u00f3n Cl\u00e1sica en el Royal Conservatoire de La Haya, Holanda, gracias a la beca otorgada por el FONCA como parte del Programa de Apoyos para Estudios en el Extranjero.<\/p>\n","protected":false},"author":1,"featured_media":8026,"comment_status":"closed","ping_status":"closed","sticky":false,"template":"","format":"standard","meta":{"footnotes":""},"categories":[53],"tags":[],"class_list":["post-8025","post","type-post","status-publish","format-standard","has-post-thumbnail","hentry","category-noticias-generales"],"lang":"es","translations":{"es":8025},"pll_sync_post":[],"post_mailing_queue_ids":[],"_links":{"self":[{"href":"http:\/\/staging.ibermusicas.org\/index.php\/wp-json\/wp\/v2\/posts\/8025","targetHints":{"allow":["GET"]}}],"collection":[{"href":"http:\/\/staging.ibermusicas.org\/index.php\/wp-json\/wp\/v2\/posts"}],"about":[{"href":"http:\/\/staging.ibermusicas.org\/index.php\/wp-json\/wp\/v2\/types\/post"}],"author":[{"embeddable":true,"href":"http:\/\/staging.ibermusicas.org\/index.php\/wp-json\/wp\/v2\/users\/1"}],"replies":[{"embeddable":true,"href":"http:\/\/staging.ibermusicas.org\/index.php\/wp-json\/wp\/v2\/comments?post=8025"}],"version-history":[{"count":1,"href":"http:\/\/staging.ibermusicas.org\/index.php\/wp-json\/wp\/v2\/posts\/8025\/revisions"}],"predecessor-version":[{"id":8027,"href":"http:\/\/staging.ibermusicas.org\/index.php\/wp-json\/wp\/v2\/posts\/8025\/revisions\/8027"}],"wp:featuredmedia":[{"embeddable":true,"href":"http:\/\/staging.ibermusicas.org\/index.php\/wp-json\/wp\/v2\/media\/8026"}],"wp:attachment":[{"href":"http:\/\/staging.ibermusicas.org\/index.php\/wp-json\/wp\/v2\/media?parent=8025"}],"wp:term":[{"taxonomy":"category","embeddable":true,"href":"http:\/\/staging.ibermusicas.org\/index.php\/wp-json\/wp\/v2\/categories?post=8025"},{"taxonomy":"post_tag","embeddable":true,"href":"http:\/\/staging.ibermusicas.org\/index.php\/wp-json\/wp\/v2\/tags?post=8025"}],"curies":[{"name":"wp","href":"https:\/\/api.w.org\/{rel}","templated":true}]}}