{"id":8031,"date":"2019-05-10T19:26:45","date_gmt":"2019-05-10T19:26:45","guid":{"rendered":"http:\/\/staging.ibermusicas.org\/?p=8031"},"modified":"2021-07-07T19:27:45","modified_gmt":"2021-07-07T19:27:45","slug":"desde-mexico-la-agrupacion-jazz-house-collective-viajara-a-peru-para-emprender-una-gira-por-diversas-ciudades-y-diferentes-escenarios","status":"publish","type":"post","link":"http:\/\/staging.ibermusicas.org\/index.php\/desde-mexico-la-agrupacion-jazz-house-collective-viajara-a-peru-para-emprender-una-gira-por-diversas-ciudades-y-diferentes-escenarios\/","title":{"rendered":"Desde M\u00e9xico la agrupaci\u00f3n Jazz House Collective viajar\u00e1 a Per\u00fa para emprender una gira por diversas ciudades y diferentes escenarios"},"content":{"rendered":"<p><span data-sheets-value=\"{&quot;1&quot;:2,&quot;2&quot;:&quot;Jazz House Collective es un ensamble integrado por estudiantes y egresados del Centro de Estudios de Jazz de la Universidad Veracruzana (Jazzuv).&quot;}\" data-sheets-userformat=\"{&quot;2&quot;:513,&quot;3&quot;:{&quot;1&quot;:0},&quot;12&quot;:0}\">Jazz House Collective es un ensamble integrado por estudiantes y egresados del Centro de Estudios de Jazz de la Universidad Veracruzana (Jazzuv).<\/span><\/p>\n","protected":false},"excerpt":{"rendered":"<p>Jazz House Collective es un ensamble integrado por estudiantes y egresados del Centro de Estudios de Jazz de la Universidad Veracruzana (Jazzuv).<\/p>\n","protected":false},"author":1,"featured_media":8032,"comment_status":"closed","ping_status":"closed","sticky":false,"template":"","format":"standard","meta":{"footnotes":""},"categories":[53],"tags":[],"class_list":["post-8031","post","type-post","status-publish","format-standard","has-post-thumbnail","hentry","category-noticias-generales"],"lang":"es","translations":{"es":8031},"pll_sync_post":[],"post_mailing_queue_ids":[],"_links":{"self":[{"href":"http:\/\/staging.ibermusicas.org\/index.php\/wp-json\/wp\/v2\/posts\/8031","targetHints":{"allow":["GET"]}}],"collection":[{"href":"http:\/\/staging.ibermusicas.org\/index.php\/wp-json\/wp\/v2\/posts"}],"about":[{"href":"http:\/\/staging.ibermusicas.org\/index.php\/wp-json\/wp\/v2\/types\/post"}],"author":[{"embeddable":true,"href":"http:\/\/staging.ibermusicas.org\/index.php\/wp-json\/wp\/v2\/users\/1"}],"replies":[{"embeddable":true,"href":"http:\/\/staging.ibermusicas.org\/index.php\/wp-json\/wp\/v2\/comments?post=8031"}],"version-history":[{"count":1,"href":"http:\/\/staging.ibermusicas.org\/index.php\/wp-json\/wp\/v2\/posts\/8031\/revisions"}],"predecessor-version":[{"id":8033,"href":"http:\/\/staging.ibermusicas.org\/index.php\/wp-json\/wp\/v2\/posts\/8031\/revisions\/8033"}],"wp:featuredmedia":[{"embeddable":true,"href":"http:\/\/staging.ibermusicas.org\/index.php\/wp-json\/wp\/v2\/media\/8032"}],"wp:attachment":[{"href":"http:\/\/staging.ibermusicas.org\/index.php\/wp-json\/wp\/v2\/media?parent=8031"}],"wp:term":[{"taxonomy":"category","embeddable":true,"href":"http:\/\/staging.ibermusicas.org\/index.php\/wp-json\/wp\/v2\/categories?post=8031"},{"taxonomy":"post_tag","embeddable":true,"href":"http:\/\/staging.ibermusicas.org\/index.php\/wp-json\/wp\/v2\/tags?post=8031"}],"curies":[{"name":"wp","href":"https:\/\/api.w.org\/{rel}","templated":true}]}}