{"id":8037,"date":"2019-05-02T19:29:03","date_gmt":"2019-05-02T19:29:03","guid":{"rendered":"http:\/\/staging.ibermusicas.org\/?p=8037"},"modified":"2021-07-07T19:29:58","modified_gmt":"2021-07-07T19:29:58","slug":"ultimos-dias-para-realizar-la-inscripcion-al-premio-ibermusicas-de-composicion-para-obra-sinfonica","status":"publish","type":"post","link":"http:\/\/staging.ibermusicas.org\/index.php\/ultimos-dias-para-realizar-la-inscripcion-al-premio-ibermusicas-de-composicion-para-obra-sinfonica\/","title":{"rendered":"\u00daltimos d\u00edas para realizar la inscripci\u00f3n al PREMIO IBERM\u00daSICAS DE COMPOSICI\u00d3N PARA OBRA SINF\u00d3NICA"},"content":{"rendered":"<p><span data-sheets-value=\"{&quot;1&quot;:2,&quot;2&quot;:&quot;Se trata de un concurso destinado a premiar una obra original e in\u00e9dita para orquesta sinf\u00f3nica. &quot;}\" data-sheets-userformat=\"{&quot;2&quot;:513,&quot;3&quot;:{&quot;1&quot;:0},&quot;12&quot;:0}\">Se trata de un concurso destinado a premiar una obra original e in\u00e9dita para orquesta sinf\u00f3nica. <\/span><\/p>\n","protected":false},"excerpt":{"rendered":"<p>Se trata de un concurso destinado a premiar una obra original e in\u00e9dita para orquesta sinf\u00f3nica.<\/p>\n","protected":false},"author":1,"featured_media":8038,"comment_status":"closed","ping_status":"closed","sticky":false,"template":"","format":"standard","meta":{"footnotes":""},"categories":[53],"tags":[],"class_list":["post-8037","post","type-post","status-publish","format-standard","has-post-thumbnail","hentry","category-noticias-generales"],"lang":"es","translations":{"es":8037},"pll_sync_post":[],"post_mailing_queue_ids":[],"_links":{"self":[{"href":"http:\/\/staging.ibermusicas.org\/index.php\/wp-json\/wp\/v2\/posts\/8037","targetHints":{"allow":["GET"]}}],"collection":[{"href":"http:\/\/staging.ibermusicas.org\/index.php\/wp-json\/wp\/v2\/posts"}],"about":[{"href":"http:\/\/staging.ibermusicas.org\/index.php\/wp-json\/wp\/v2\/types\/post"}],"author":[{"embeddable":true,"href":"http:\/\/staging.ibermusicas.org\/index.php\/wp-json\/wp\/v2\/users\/1"}],"replies":[{"embeddable":true,"href":"http:\/\/staging.ibermusicas.org\/index.php\/wp-json\/wp\/v2\/comments?post=8037"}],"version-history":[{"count":1,"href":"http:\/\/staging.ibermusicas.org\/index.php\/wp-json\/wp\/v2\/posts\/8037\/revisions"}],"predecessor-version":[{"id":8039,"href":"http:\/\/staging.ibermusicas.org\/index.php\/wp-json\/wp\/v2\/posts\/8037\/revisions\/8039"}],"wp:featuredmedia":[{"embeddable":true,"href":"http:\/\/staging.ibermusicas.org\/index.php\/wp-json\/wp\/v2\/media\/8038"}],"wp:attachment":[{"href":"http:\/\/staging.ibermusicas.org\/index.php\/wp-json\/wp\/v2\/media?parent=8037"}],"wp:term":[{"taxonomy":"category","embeddable":true,"href":"http:\/\/staging.ibermusicas.org\/index.php\/wp-json\/wp\/v2\/categories?post=8037"},{"taxonomy":"post_tag","embeddable":true,"href":"http:\/\/staging.ibermusicas.org\/index.php\/wp-json\/wp\/v2\/tags?post=8037"}],"curies":[{"name":"wp","href":"https:\/\/api.w.org\/{rel}","templated":true}]}}