{"id":8047,"date":"2019-05-13T00:38:31","date_gmt":"2019-05-13T00:38:31","guid":{"rendered":"http:\/\/staging.ibermusicas.org\/?p=8047"},"modified":"2021-07-08T00:45:18","modified_gmt":"2021-07-08T00:45:18","slug":"el-grupo-vocal-femenino-la-colmena-de-argentina-realizara-una-gira-por-diversas-ciudades-de-mexico","status":"publish","type":"post","link":"http:\/\/staging.ibermusicas.org\/index.php\/el-grupo-vocal-femenino-la-colmena-de-argentina-realizara-una-gira-por-diversas-ciudades-de-mexico\/","title":{"rendered":"El grupo vocal femenino la Colmena, de Argentina realizar\u00e1 una gira por diversas ciudades de M\u00e9xico"},"content":{"rendered":"<p><span data-sheets-value=\"{&quot;1&quot;:2,&quot;2&quot;:&quot;La Colmena es un ensamble musical formado por 16 mujeres que desde el a\u00f1o 2012 viene trabajando sobre el repertorio popular latinoamericano en un formato original a trav\u00e9s de la voz, la percusi\u00f3n y la puesta en escena.\\r &quot;}\" data-sheets-userformat=\"{&quot;2&quot;:513,&quot;3&quot;:{&quot;1&quot;:0},&quot;12&quot;:0}\">La Colmena es un ensamble musical formado por 16 mujeres que desde el a\u00f1o 2012 viene trabajando sobre el repertorio popular latinoamericano en un formato original a trav\u00e9s de la voz, la percusi\u00f3n y la puesta en escena. <\/span><\/p>\n","protected":false},"excerpt":{"rendered":"<p>La Colmena es un ensamble musical formado por 16 mujeres que desde el a\u00f1o 2012 viene trabajando sobre el repertorio popular latinoamericano en un formato original a trav\u00e9s de la voz, la percusi\u00f3n y la puesta en escena.<\/p>\n","protected":false},"author":1,"featured_media":8048,"comment_status":"closed","ping_status":"closed","sticky":false,"template":"","format":"standard","meta":{"footnotes":""},"categories":[53],"tags":[],"class_list":["post-8047","post","type-post","status-publish","format-standard","has-post-thumbnail","hentry","category-noticias-generales"],"lang":"es","translations":{"es":8047},"pll_sync_post":[],"post_mailing_queue_ids":[],"_links":{"self":[{"href":"http:\/\/staging.ibermusicas.org\/index.php\/wp-json\/wp\/v2\/posts\/8047","targetHints":{"allow":["GET"]}}],"collection":[{"href":"http:\/\/staging.ibermusicas.org\/index.php\/wp-json\/wp\/v2\/posts"}],"about":[{"href":"http:\/\/staging.ibermusicas.org\/index.php\/wp-json\/wp\/v2\/types\/post"}],"author":[{"embeddable":true,"href":"http:\/\/staging.ibermusicas.org\/index.php\/wp-json\/wp\/v2\/users\/1"}],"replies":[{"embeddable":true,"href":"http:\/\/staging.ibermusicas.org\/index.php\/wp-json\/wp\/v2\/comments?post=8047"}],"version-history":[{"count":1,"href":"http:\/\/staging.ibermusicas.org\/index.php\/wp-json\/wp\/v2\/posts\/8047\/revisions"}],"predecessor-version":[{"id":8049,"href":"http:\/\/staging.ibermusicas.org\/index.php\/wp-json\/wp\/v2\/posts\/8047\/revisions\/8049"}],"wp:featuredmedia":[{"embeddable":true,"href":"http:\/\/staging.ibermusicas.org\/index.php\/wp-json\/wp\/v2\/media\/8048"}],"wp:attachment":[{"href":"http:\/\/staging.ibermusicas.org\/index.php\/wp-json\/wp\/v2\/media?parent=8047"}],"wp:term":[{"taxonomy":"category","embeddable":true,"href":"http:\/\/staging.ibermusicas.org\/index.php\/wp-json\/wp\/v2\/categories?post=8047"},{"taxonomy":"post_tag","embeddable":true,"href":"http:\/\/staging.ibermusicas.org\/index.php\/wp-json\/wp\/v2\/tags?post=8047"}],"curies":[{"name":"wp","href":"https:\/\/api.w.org\/{rel}","templated":true}]}}