{"id":8078,"date":"2019-05-10T01:00:14","date_gmt":"2019-05-10T01:00:14","guid":{"rendered":"http:\/\/staging.ibermusicas.org\/?p=8078"},"modified":"2021-07-08T01:01:14","modified_gmt":"2021-07-08T01:01:14","slug":"desde-mexico-el-cuarteto-jose-white-llevara-su-arte-a-costa-rica-con-un-repertorio-integrado-por-obras-de-compositores-latinoamericanos-contemporaneos","status":"publish","type":"post","link":"http:\/\/staging.ibermusicas.org\/index.php\/desde-mexico-el-cuarteto-jose-white-llevara-su-arte-a-costa-rica-con-un-repertorio-integrado-por-obras-de-compositores-latinoamericanos-contemporaneos\/","title":{"rendered":"Desde M\u00e9xico el Cuarteto Jos\u00e9 White llevar\u00e1 su arte a Costa Rica con un repertorio integrado por obras de compositores latinoamericanos contempor\u00e1neos"},"content":{"rendered":"<p><span data-sheets-value=\"{&quot;1&quot;:2,&quot;2&quot;:&quot;Considerado uno de los cuartetos de cuerdas m\u00e1s importantes en la actualidad mexicana, el Cuarteto de Cuerdas Jos\u00e9 White nace en 1998, siendo ganador en el a\u00f1o 2000 del Primer Premio en el Tercer Concurso de M\u00fasica de C\u00e1mara en la ciudad de Salamanca.\\r &quot;}\" data-sheets-userformat=\"{&quot;2&quot;:513,&quot;3&quot;:{&quot;1&quot;:0},&quot;12&quot;:0}\">Considerado uno de los cuartetos de cuerdas m\u00e1s importantes en la actualidad mexicana, el Cuarteto de Cuerdas Jos\u00e9 White nace en 1998, siendo ganador en el a\u00f1o 2000 del Primer Premio en el Tercer Concurso de M\u00fasica de C\u00e1mara en la ciudad de Salamanca. <\/span><\/p>\n","protected":false},"excerpt":{"rendered":"<p>Considerado uno de los cuartetos de cuerdas m\u00e1s importantes en la actualidad mexicana, el Cuarteto de Cuerdas Jos\u00e9 White nace en 1998, siendo ganador en el a\u00f1o 2000 del Primer Premio en el Tercer Concurso de M\u00fasica de C\u00e1mara en la ciudad de Salamanca.<\/p>\n","protected":false},"author":1,"featured_media":8079,"comment_status":"closed","ping_status":"closed","sticky":false,"template":"","format":"standard","meta":{"footnotes":""},"categories":[53],"tags":[],"class_list":["post-8078","post","type-post","status-publish","format-standard","has-post-thumbnail","hentry","category-noticias-generales"],"lang":"es","translations":{"es":8078},"pll_sync_post":[],"post_mailing_queue_ids":[],"_links":{"self":[{"href":"http:\/\/staging.ibermusicas.org\/index.php\/wp-json\/wp\/v2\/posts\/8078","targetHints":{"allow":["GET"]}}],"collection":[{"href":"http:\/\/staging.ibermusicas.org\/index.php\/wp-json\/wp\/v2\/posts"}],"about":[{"href":"http:\/\/staging.ibermusicas.org\/index.php\/wp-json\/wp\/v2\/types\/post"}],"author":[{"embeddable":true,"href":"http:\/\/staging.ibermusicas.org\/index.php\/wp-json\/wp\/v2\/users\/1"}],"replies":[{"embeddable":true,"href":"http:\/\/staging.ibermusicas.org\/index.php\/wp-json\/wp\/v2\/comments?post=8078"}],"version-history":[{"count":1,"href":"http:\/\/staging.ibermusicas.org\/index.php\/wp-json\/wp\/v2\/posts\/8078\/revisions"}],"predecessor-version":[{"id":8080,"href":"http:\/\/staging.ibermusicas.org\/index.php\/wp-json\/wp\/v2\/posts\/8078\/revisions\/8080"}],"wp:featuredmedia":[{"embeddable":true,"href":"http:\/\/staging.ibermusicas.org\/index.php\/wp-json\/wp\/v2\/media\/8079"}],"wp:attachment":[{"href":"http:\/\/staging.ibermusicas.org\/index.php\/wp-json\/wp\/v2\/media?parent=8078"}],"wp:term":[{"taxonomy":"category","embeddable":true,"href":"http:\/\/staging.ibermusicas.org\/index.php\/wp-json\/wp\/v2\/categories?post=8078"},{"taxonomy":"post_tag","embeddable":true,"href":"http:\/\/staging.ibermusicas.org\/index.php\/wp-json\/wp\/v2\/tags?post=8078"}],"curies":[{"name":"wp","href":"https:\/\/api.w.org\/{rel}","templated":true}]}}