{"id":8084,"date":"2019-05-02T01:02:47","date_gmt":"2019-05-02T01:02:47","guid":{"rendered":"http:\/\/staging.ibermusicas.org\/?p=8084"},"modified":"2021-07-08T01:03:53","modified_gmt":"2021-07-08T01:03:53","slug":"el-gran-marimbista-mexicano-javier-nandayapa-continua-su-extensa-gira-su-proximo-destino-es-colombia-donde-brindara-clinicas-y-conciertos","status":"publish","type":"post","link":"http:\/\/staging.ibermusicas.org\/index.php\/el-gran-marimbista-mexicano-javier-nandayapa-continua-su-extensa-gira-su-proximo-destino-es-colombia-donde-brindara-clinicas-y-conciertos\/","title":{"rendered":"El gran marimbista mexicano Javier Nandayapa contin\u00faa su extensa gira. Su pr\u00f3ximo destino es Colombia donde brindar\u00e1 cl\u00ednicas y conciertos"},"content":{"rendered":"<p><span data-sheets-value=\"{&quot;1&quot;:2,&quot;2&quot;:&quot;Javier Nandayapa inici\u00f3 sus actividades musicales en 1989 con la \\&quot;Marimba Nandayapa\\&quot; al lado de su padre y hermanos, participando en todas las grabaciones, conciertos y giras internacionales que \u00e9sta agrupaci\u00f3n realiz\u00f3 hasta el a\u00f1o 2011. &quot;}\" data-sheets-userformat=\"{&quot;2&quot;:513,&quot;3&quot;:{&quot;1&quot;:0},&quot;12&quot;:0}\">Javier Nandayapa inici\u00f3 sus actividades musicales en 1989 con la \u00abMarimba Nandayapa\u00bb al lado de su padre y hermanos, participando en todas las grabaciones, conciertos y giras internacionales que \u00e9sta agrupaci\u00f3n realiz\u00f3 hasta el a\u00f1o 2011. <\/span><\/p>\n","protected":false},"excerpt":{"rendered":"<p>Javier Nandayapa inici\u00f3 sus actividades musicales en 1989 con la \u00abMarimba Nandayapa\u00bb al lado de su padre y hermanos, participando en todas las grabaciones, conciertos y giras internacionales que \u00e9sta agrupaci\u00f3n realiz\u00f3 hasta el a\u00f1o 2011.<\/p>\n","protected":false},"author":1,"featured_media":8085,"comment_status":"closed","ping_status":"closed","sticky":false,"template":"","format":"standard","meta":{"footnotes":""},"categories":[53],"tags":[],"class_list":["post-8084","post","type-post","status-publish","format-standard","has-post-thumbnail","hentry","category-noticias-generales"],"lang":"es","translations":{"es":8084},"pll_sync_post":[],"post_mailing_queue_ids":[],"_links":{"self":[{"href":"http:\/\/staging.ibermusicas.org\/index.php\/wp-json\/wp\/v2\/posts\/8084","targetHints":{"allow":["GET"]}}],"collection":[{"href":"http:\/\/staging.ibermusicas.org\/index.php\/wp-json\/wp\/v2\/posts"}],"about":[{"href":"http:\/\/staging.ibermusicas.org\/index.php\/wp-json\/wp\/v2\/types\/post"}],"author":[{"embeddable":true,"href":"http:\/\/staging.ibermusicas.org\/index.php\/wp-json\/wp\/v2\/users\/1"}],"replies":[{"embeddable":true,"href":"http:\/\/staging.ibermusicas.org\/index.php\/wp-json\/wp\/v2\/comments?post=8084"}],"version-history":[{"count":1,"href":"http:\/\/staging.ibermusicas.org\/index.php\/wp-json\/wp\/v2\/posts\/8084\/revisions"}],"predecessor-version":[{"id":8086,"href":"http:\/\/staging.ibermusicas.org\/index.php\/wp-json\/wp\/v2\/posts\/8084\/revisions\/8086"}],"wp:featuredmedia":[{"embeddable":true,"href":"http:\/\/staging.ibermusicas.org\/index.php\/wp-json\/wp\/v2\/media\/8085"}],"wp:attachment":[{"href":"http:\/\/staging.ibermusicas.org\/index.php\/wp-json\/wp\/v2\/media?parent=8084"}],"wp:term":[{"taxonomy":"category","embeddable":true,"href":"http:\/\/staging.ibermusicas.org\/index.php\/wp-json\/wp\/v2\/categories?post=8084"},{"taxonomy":"post_tag","embeddable":true,"href":"http:\/\/staging.ibermusicas.org\/index.php\/wp-json\/wp\/v2\/tags?post=8084"}],"curies":[{"name":"wp","href":"https:\/\/api.w.org\/{rel}","templated":true}]}}