{"id":8091,"date":"2019-05-10T01:05:33","date_gmt":"2019-05-10T01:05:33","guid":{"rendered":"http:\/\/staging.ibermusicas.org\/?p=8091"},"modified":"2021-07-08T01:06:36","modified_gmt":"2021-07-08T01:06:36","slug":"comienza-la-residencia-compositiva-del-musico-brasileno-sacha-amback-en-el-gen-centro-de-artes-y-ciencias-de-montevideo-uruguay","status":"publish","type":"post","link":"http:\/\/staging.ibermusicas.org\/index.php\/comienza-la-residencia-compositiva-del-musico-brasileno-sacha-amback-en-el-gen-centro-de-artes-y-ciencias-de-montevideo-uruguay\/","title":{"rendered":"Comienza la Residencia Compositiva del m\u00fasico brasile\u00f1o Sacha Amback en el GEN, Centro de Artes y Ciencias de Montevideo, Uruguay"},"content":{"rendered":"<p><span data-sheets-value=\"{&quot;1&quot;:2,&quot;2&quot;:&quot;Sacha Amback es un prestigioso m\u00fasico y compositor brasile\u00f1o, arreglador y productor con vasta experiencia en la creaci\u00f3n de bandas sonoras para cine y televisi\u00f3n. Ha sido acompa\u00f1ante y arreglador de Ney Matogrosso y otros artistas. Ofrecer\u00e1 un taller en el que explora ideas rectoras y t\u00e9cnicas para acompa\u00f1ar una narrativa con un dise\u00f1o musical que contribuya al contenido emocional en productos audiovisuales.&quot;}\" data-sheets-userformat=\"{&quot;2&quot;:513,&quot;3&quot;:{&quot;1&quot;:0},&quot;12&quot;:0}\">Sacha Amback es un prestigioso m\u00fasico y compositor brasile\u00f1o, arreglador y productor con vasta experiencia en la creaci\u00f3n de bandas sonoras para cine y televisi\u00f3n. Ha sido acompa\u00f1ante y arreglador de Ney Matogrosso y otros artistas. Ofrecer\u00e1 un taller en el que explora ideas rectoras y t\u00e9cnicas para acompa\u00f1ar una narrativa con un dise\u00f1o musical que contribuya al contenido emocional en productos audiovisuales.<\/span><\/p>\n","protected":false},"excerpt":{"rendered":"<p>Sacha Amback es un prestigioso m\u00fasico y compositor brasile\u00f1o, arreglador y productor con vasta experiencia en la creaci\u00f3n de bandas sonoras para cine y televisi\u00f3n. Ha sido acompa\u00f1ante y arreglador de Ney Matogrosso y otros artistas. Ofrecer\u00e1 un taller en el que explora ideas rectoras y t\u00e9cnicas para acompa\u00f1ar una narrativa con un dise\u00f1o musical [&hellip;]<\/p>\n","protected":false},"author":1,"featured_media":8092,"comment_status":"closed","ping_status":"closed","sticky":false,"template":"","format":"standard","meta":{"footnotes":""},"categories":[53],"tags":[],"class_list":["post-8091","post","type-post","status-publish","format-standard","has-post-thumbnail","hentry","category-noticias-generales"],"lang":"es","translations":{"es":8091},"pll_sync_post":[],"post_mailing_queue_ids":[],"_links":{"self":[{"href":"http:\/\/staging.ibermusicas.org\/index.php\/wp-json\/wp\/v2\/posts\/8091","targetHints":{"allow":["GET"]}}],"collection":[{"href":"http:\/\/staging.ibermusicas.org\/index.php\/wp-json\/wp\/v2\/posts"}],"about":[{"href":"http:\/\/staging.ibermusicas.org\/index.php\/wp-json\/wp\/v2\/types\/post"}],"author":[{"embeddable":true,"href":"http:\/\/staging.ibermusicas.org\/index.php\/wp-json\/wp\/v2\/users\/1"}],"replies":[{"embeddable":true,"href":"http:\/\/staging.ibermusicas.org\/index.php\/wp-json\/wp\/v2\/comments?post=8091"}],"version-history":[{"count":1,"href":"http:\/\/staging.ibermusicas.org\/index.php\/wp-json\/wp\/v2\/posts\/8091\/revisions"}],"predecessor-version":[{"id":8093,"href":"http:\/\/staging.ibermusicas.org\/index.php\/wp-json\/wp\/v2\/posts\/8091\/revisions\/8093"}],"wp:featuredmedia":[{"embeddable":true,"href":"http:\/\/staging.ibermusicas.org\/index.php\/wp-json\/wp\/v2\/media\/8092"}],"wp:attachment":[{"href":"http:\/\/staging.ibermusicas.org\/index.php\/wp-json\/wp\/v2\/media?parent=8091"}],"wp:term":[{"taxonomy":"category","embeddable":true,"href":"http:\/\/staging.ibermusicas.org\/index.php\/wp-json\/wp\/v2\/categories?post=8091"},{"taxonomy":"post_tag","embeddable":true,"href":"http:\/\/staging.ibermusicas.org\/index.php\/wp-json\/wp\/v2\/tags?post=8091"}],"curies":[{"name":"wp","href":"https:\/\/api.w.org\/{rel}","templated":true}]}}