{"id":8097,"date":"2019-05-14T01:08:04","date_gmt":"2019-05-14T01:08:04","guid":{"rendered":"http:\/\/staging.ibermusicas.org\/?p=8097"},"modified":"2021-07-08T01:08:56","modified_gmt":"2021-07-08T01:08:56","slug":"el-guitarrista-paraguayo-juan-vera-esquivel-continua-con-su-gira-que-en-mayo-lo-llevara-al-festival-de-guitarras-de-cuenca-ecuador-en-donde-seguira-difundiendo-la-tecnica-paraguaya-del-transportado","status":"publish","type":"post","link":"http:\/\/staging.ibermusicas.org\/index.php\/el-guitarrista-paraguayo-juan-vera-esquivel-continua-con-su-gira-que-en-mayo-lo-llevara-al-festival-de-guitarras-de-cuenca-ecuador-en-donde-seguira-difundiendo-la-tecnica-paraguaya-del-transportado\/","title":{"rendered":"El guitarrista paraguayo Juan Vera Esquivel contin\u00faa con su gira que en mayo lo llevar\u00e1 al festival de guitarras de Cuenca, Ecuador, en donde seguir\u00e1 difundiendo la t\u00e9cnica paraguaya del Transportado"},"content":{"rendered":"<p><span data-sheets-value=\"{&quot;1&quot;:2,&quot;2&quot;:&quot;Juan Vera Esquivel es actualmente uno de los m\u00fasicos mas sobresalientes del Paraguay. Su trabajo como solista de guitarra lo ha llevado por varios escenarios de su pa\u00eds y del mundo. Su estilo se caracteriza por impulsar a la guitarra popular en la exploraci\u00f3n de la sonoridad contempor\u00e1nea y experimental.&quot;}\" data-sheets-userformat=\"{&quot;2&quot;:513,&quot;3&quot;:{&quot;1&quot;:0},&quot;12&quot;:0}\">Juan Vera Esquivel es actualmente uno de los m\u00fasicos mas sobresalientes del Paraguay. Su trabajo como solista de guitarra lo ha llevado por varios escenarios de su pa\u00eds y del mundo. Su estilo se caracteriza por impulsar a la guitarra popular en la exploraci\u00f3n de la sonoridad contempor\u00e1nea y experimental.<\/span><\/p>\n","protected":false},"excerpt":{"rendered":"<p>Juan Vera Esquivel es actualmente uno de los m\u00fasicos mas sobresalientes del Paraguay. Su trabajo como solista de guitarra lo ha llevado por varios escenarios de su pa\u00eds y del mundo. Su estilo se caracteriza por impulsar a la guitarra popular en la exploraci\u00f3n de la sonoridad contempor\u00e1nea y experimental.<\/p>\n","protected":false},"author":1,"featured_media":8098,"comment_status":"closed","ping_status":"closed","sticky":false,"template":"","format":"standard","meta":{"footnotes":""},"categories":[53],"tags":[],"class_list":["post-8097","post","type-post","status-publish","format-standard","has-post-thumbnail","hentry","category-noticias-generales"],"lang":"es","translations":{"es":8097},"pll_sync_post":[],"post_mailing_queue_ids":[],"_links":{"self":[{"href":"http:\/\/staging.ibermusicas.org\/index.php\/wp-json\/wp\/v2\/posts\/8097","targetHints":{"allow":["GET"]}}],"collection":[{"href":"http:\/\/staging.ibermusicas.org\/index.php\/wp-json\/wp\/v2\/posts"}],"about":[{"href":"http:\/\/staging.ibermusicas.org\/index.php\/wp-json\/wp\/v2\/types\/post"}],"author":[{"embeddable":true,"href":"http:\/\/staging.ibermusicas.org\/index.php\/wp-json\/wp\/v2\/users\/1"}],"replies":[{"embeddable":true,"href":"http:\/\/staging.ibermusicas.org\/index.php\/wp-json\/wp\/v2\/comments?post=8097"}],"version-history":[{"count":1,"href":"http:\/\/staging.ibermusicas.org\/index.php\/wp-json\/wp\/v2\/posts\/8097\/revisions"}],"predecessor-version":[{"id":8099,"href":"http:\/\/staging.ibermusicas.org\/index.php\/wp-json\/wp\/v2\/posts\/8097\/revisions\/8099"}],"wp:featuredmedia":[{"embeddable":true,"href":"http:\/\/staging.ibermusicas.org\/index.php\/wp-json\/wp\/v2\/media\/8098"}],"wp:attachment":[{"href":"http:\/\/staging.ibermusicas.org\/index.php\/wp-json\/wp\/v2\/media?parent=8097"}],"wp:term":[{"taxonomy":"category","embeddable":true,"href":"http:\/\/staging.ibermusicas.org\/index.php\/wp-json\/wp\/v2\/categories?post=8097"},{"taxonomy":"post_tag","embeddable":true,"href":"http:\/\/staging.ibermusicas.org\/index.php\/wp-json\/wp\/v2\/tags?post=8097"}],"curies":[{"name":"wp","href":"https:\/\/api.w.org\/{rel}","templated":true}]}}