{"id":8109,"date":"2021-06-10T01:12:47","date_gmt":"2021-06-10T01:12:47","guid":{"rendered":"http:\/\/staging.ibermusicas.org\/?p=8109"},"modified":"2021-07-08T01:13:56","modified_gmt":"2021-07-08T01:13:56","slug":"la-siempre-sorprendente-cantante-y-compositora-argentina-sofia-viola-vuelve-a-espana","status":"publish","type":"post","link":"http:\/\/staging.ibermusicas.org\/index.php\/la-siempre-sorprendente-cantante-y-compositora-argentina-sofia-viola-vuelve-a-espana\/","title":{"rendered":"La siempre sorprendente cantante y compositora argentina Sof\u00eda Viola, vuelve a Espa\u00f1a"},"content":{"rendered":"<p><span data-sheets-value=\"{&quot;1&quot;:2,&quot;2&quot;:&quot;La cantante y compositora Sof\u00eda Viola vuelve a girar por la pen\u00ednsula Ib\u00e9rica. Luego de editar su cuarto disco en Espa\u00f1a a trav\u00e9s del sello Chesapik y girar por all\u00ed en noviembre de 2018, regresa recargada, con nuevas canciones e imagen renovada. Esta vez aterrizar\u00e1 por primera vez en Menorca, Mallorca y Tenerife. Volver\u00e1 a Girona y a varias ciudades catalanas.&quot;}\" data-sheets-userformat=\"{&quot;2&quot;:513,&quot;3&quot;:{&quot;1&quot;:0},&quot;12&quot;:0}\">La cantante y compositora Sof\u00eda Viola vuelve a girar por la pen\u00ednsula Ib\u00e9rica. Luego de editar su cuarto disco en Espa\u00f1a a trav\u00e9s del sello Chesapik y girar por all\u00ed en noviembre de 2018, regresa recargada, con nuevas canciones e imagen renovada. Esta vez aterrizar\u00e1 por primera vez en Menorca, Mallorca y Tenerife. Volver\u00e1 a Girona y a varias ciudades catalanas.<\/span><\/p>\n","protected":false},"excerpt":{"rendered":"<p>La cantante y compositora Sof\u00eda Viola vuelve a girar por la pen\u00ednsula Ib\u00e9rica. Luego de editar su cuarto disco en Espa\u00f1a a trav\u00e9s del sello Chesapik y girar por all\u00ed en noviembre de 2018, regresa recargada, con nuevas canciones e imagen renovada. Esta vez aterrizar\u00e1 por primera vez en Menorca, Mallorca y Tenerife. Volver\u00e1 a [&hellip;]<\/p>\n","protected":false},"author":1,"featured_media":8110,"comment_status":"closed","ping_status":"closed","sticky":false,"template":"","format":"standard","meta":{"footnotes":""},"categories":[53],"tags":[],"class_list":["post-8109","post","type-post","status-publish","format-standard","has-post-thumbnail","hentry","category-noticias-generales"],"lang":"es","translations":{"es":8109},"pll_sync_post":[],"post_mailing_queue_ids":[],"_links":{"self":[{"href":"http:\/\/staging.ibermusicas.org\/index.php\/wp-json\/wp\/v2\/posts\/8109","targetHints":{"allow":["GET"]}}],"collection":[{"href":"http:\/\/staging.ibermusicas.org\/index.php\/wp-json\/wp\/v2\/posts"}],"about":[{"href":"http:\/\/staging.ibermusicas.org\/index.php\/wp-json\/wp\/v2\/types\/post"}],"author":[{"embeddable":true,"href":"http:\/\/staging.ibermusicas.org\/index.php\/wp-json\/wp\/v2\/users\/1"}],"replies":[{"embeddable":true,"href":"http:\/\/staging.ibermusicas.org\/index.php\/wp-json\/wp\/v2\/comments?post=8109"}],"version-history":[{"count":1,"href":"http:\/\/staging.ibermusicas.org\/index.php\/wp-json\/wp\/v2\/posts\/8109\/revisions"}],"predecessor-version":[{"id":8111,"href":"http:\/\/staging.ibermusicas.org\/index.php\/wp-json\/wp\/v2\/posts\/8109\/revisions\/8111"}],"wp:featuredmedia":[{"embeddable":true,"href":"http:\/\/staging.ibermusicas.org\/index.php\/wp-json\/wp\/v2\/media\/8110"}],"wp:attachment":[{"href":"http:\/\/staging.ibermusicas.org\/index.php\/wp-json\/wp\/v2\/media?parent=8109"}],"wp:term":[{"taxonomy":"category","embeddable":true,"href":"http:\/\/staging.ibermusicas.org\/index.php\/wp-json\/wp\/v2\/categories?post=8109"},{"taxonomy":"post_tag","embeddable":true,"href":"http:\/\/staging.ibermusicas.org\/index.php\/wp-json\/wp\/v2\/tags?post=8109"}],"curies":[{"name":"wp","href":"https:\/\/api.w.org\/{rel}","templated":true}]}}