{"id":8219,"date":"2019-07-29T17:50:55","date_gmt":"2019-07-29T17:50:55","guid":{"rendered":"http:\/\/staging.ibermusicas.org\/?p=8219"},"modified":"2021-07-08T17:53:15","modified_gmt":"2021-07-08T17:53:15","slug":"en-paraguay-el-programa-de-residencias-artisticas-jazz-del-sur-inicia-su-segunda-etapa-de-actividades-con-la-presencia-del-saxofonisa-jota-p-de-brasil","status":"publish","type":"post","link":"http:\/\/staging.ibermusicas.org\/index.php\/en-paraguay-el-programa-de-residencias-artisticas-jazz-del-sur-inicia-su-segunda-etapa-de-actividades-con-la-presencia-del-saxofonisa-jota-p-de-brasil\/","title":{"rendered":"En Paraguay el programa de residencias art\u00edsticas Jazz del Sur inicia su segunda etapa de actividades con la presencia del saxofonisa Jota P de Brasil"},"content":{"rendered":"<p><span data-sheets-value=\"{&quot;1&quot;:2,&quot;2&quot;:&quot;S\u00edncopa Producciones con la curadur\u00eda del productor V\u00edctor Morel ha propiciado este programa de residencias art\u00edsticas entre referentes de la m\u00fasica instrumental regional, para la creaci\u00f3n de composiciones inspiradas en la m\u00fasica paraguaya. Las obras son presentadas en un concierto junto a los principales proyectos de la m\u00fasica instrumental nacional paraguaya.&quot;}\" data-sheets-userformat=\"{&quot;2&quot;:513,&quot;3&quot;:{&quot;1&quot;:0},&quot;12&quot;:0}\">S\u00edncopa Producciones con la curadur\u00eda del productor V\u00edctor Morel ha propiciado este programa de residencias art\u00edsticas entre referentes de la m\u00fasica instrumental regional, para la creaci\u00f3n de composiciones inspiradas en la m\u00fasica paraguaya. Las obras son presentadas en un concierto junto a los principales proyectos de la m\u00fasica instrumental nacional paraguaya.<\/span><\/p>\n","protected":false},"excerpt":{"rendered":"<p>S\u00edncopa Producciones con la curadur\u00eda del productor V\u00edctor Morel ha propiciado este programa de residencias art\u00edsticas entre referentes de la m\u00fasica instrumental regional, para la creaci\u00f3n de composiciones inspiradas en la m\u00fasica paraguaya. Las obras son presentadas en un concierto junto a los principales proyectos de la m\u00fasica instrumental nacional paraguaya.<\/p>\n","protected":false},"author":1,"featured_media":8220,"comment_status":"closed","ping_status":"closed","sticky":false,"template":"","format":"standard","meta":{"footnotes":""},"categories":[335,53],"tags":[],"class_list":["post-8219","post","type-post","status-publish","format-standard","has-post-thumbnail","hentry","category-banco-contenidos","category-noticias-generales"],"lang":"es","translations":{"es":8219},"pll_sync_post":[],"post_mailing_queue_ids":[],"_links":{"self":[{"href":"http:\/\/staging.ibermusicas.org\/index.php\/wp-json\/wp\/v2\/posts\/8219","targetHints":{"allow":["GET"]}}],"collection":[{"href":"http:\/\/staging.ibermusicas.org\/index.php\/wp-json\/wp\/v2\/posts"}],"about":[{"href":"http:\/\/staging.ibermusicas.org\/index.php\/wp-json\/wp\/v2\/types\/post"}],"author":[{"embeddable":true,"href":"http:\/\/staging.ibermusicas.org\/index.php\/wp-json\/wp\/v2\/users\/1"}],"replies":[{"embeddable":true,"href":"http:\/\/staging.ibermusicas.org\/index.php\/wp-json\/wp\/v2\/comments?post=8219"}],"version-history":[{"count":1,"href":"http:\/\/staging.ibermusicas.org\/index.php\/wp-json\/wp\/v2\/posts\/8219\/revisions"}],"predecessor-version":[{"id":8221,"href":"http:\/\/staging.ibermusicas.org\/index.php\/wp-json\/wp\/v2\/posts\/8219\/revisions\/8221"}],"wp:featuredmedia":[{"embeddable":true,"href":"http:\/\/staging.ibermusicas.org\/index.php\/wp-json\/wp\/v2\/media\/8220"}],"wp:attachment":[{"href":"http:\/\/staging.ibermusicas.org\/index.php\/wp-json\/wp\/v2\/media?parent=8219"}],"wp:term":[{"taxonomy":"category","embeddable":true,"href":"http:\/\/staging.ibermusicas.org\/index.php\/wp-json\/wp\/v2\/categories?post=8219"},{"taxonomy":"post_tag","embeddable":true,"href":"http:\/\/staging.ibermusicas.org\/index.php\/wp-json\/wp\/v2\/tags?post=8219"}],"curies":[{"name":"wp","href":"https:\/\/api.w.org\/{rel}","templated":true}]}}