{"id":8423,"date":"2019-12-02T02:51:27","date_gmt":"2019-12-02T02:51:27","guid":{"rendered":"http:\/\/staging.ibermusicas.org\/?p=8423"},"modified":"2021-07-14T02:52:20","modified_gmt":"2021-07-14T02:52:20","slug":"se-publica-itinerario-cancion-iii-el-disco-conteniendo-las-canciones-compuestas-por-los-ganadores-del-3er-concurso-de-cancion-popular-ibermusicas","status":"publish","type":"post","link":"http:\/\/staging.ibermusicas.org\/index.php\/se-publica-itinerario-cancion-iii-el-disco-conteniendo-las-canciones-compuestas-por-los-ganadores-del-3er-concurso-de-cancion-popular-ibermusicas\/","title":{"rendered":"Se publica Itinerario Canci\u00f3n III, el disco conteniendo las canciones compuestas por los ganadores del 3er Concurso de Canci\u00f3n Popular Iberm\u00fasicas"},"content":{"rendered":"<p><span data-sheets-value=\"{&quot;1&quot;:2,&quot;2&quot;:&quot;Este disco representa un nuevo motivo de alegr\u00eda y de orgullo para Iberm\u00fasicas; compartir algunas de las canciones ganadoras de nuestro 3er concurso de canci\u00f3n popular. &quot;}\" data-sheets-userformat=\"{&quot;2&quot;:513,&quot;3&quot;:{&quot;1&quot;:0},&quot;12&quot;:0}\">Este disco representa un nuevo motivo de alegr\u00eda y de orgullo para Iberm\u00fasicas; compartir algunas de las canciones ganadoras de nuestro 3er concurso de canci\u00f3n popular. <\/span><\/p>\n","protected":false},"excerpt":{"rendered":"<p>Este disco representa un nuevo motivo de alegr\u00eda y de orgullo para Iberm\u00fasicas; compartir algunas de las canciones ganadoras de nuestro 3er concurso de canci\u00f3n popular.<\/p>\n","protected":false},"author":1,"featured_media":8424,"comment_status":"closed","ping_status":"closed","sticky":false,"template":"","format":"standard","meta":{"footnotes":""},"categories":[53],"tags":[],"class_list":["post-8423","post","type-post","status-publish","format-standard","has-post-thumbnail","hentry","category-noticias-generales"],"lang":"es","translations":{"es":8423},"pll_sync_post":[],"post_mailing_queue_ids":[],"_links":{"self":[{"href":"http:\/\/staging.ibermusicas.org\/index.php\/wp-json\/wp\/v2\/posts\/8423","targetHints":{"allow":["GET"]}}],"collection":[{"href":"http:\/\/staging.ibermusicas.org\/index.php\/wp-json\/wp\/v2\/posts"}],"about":[{"href":"http:\/\/staging.ibermusicas.org\/index.php\/wp-json\/wp\/v2\/types\/post"}],"author":[{"embeddable":true,"href":"http:\/\/staging.ibermusicas.org\/index.php\/wp-json\/wp\/v2\/users\/1"}],"replies":[{"embeddable":true,"href":"http:\/\/staging.ibermusicas.org\/index.php\/wp-json\/wp\/v2\/comments?post=8423"}],"version-history":[{"count":1,"href":"http:\/\/staging.ibermusicas.org\/index.php\/wp-json\/wp\/v2\/posts\/8423\/revisions"}],"predecessor-version":[{"id":8425,"href":"http:\/\/staging.ibermusicas.org\/index.php\/wp-json\/wp\/v2\/posts\/8423\/revisions\/8425"}],"wp:featuredmedia":[{"embeddable":true,"href":"http:\/\/staging.ibermusicas.org\/index.php\/wp-json\/wp\/v2\/media\/8424"}],"wp:attachment":[{"href":"http:\/\/staging.ibermusicas.org\/index.php\/wp-json\/wp\/v2\/media?parent=8423"}],"wp:term":[{"taxonomy":"category","embeddable":true,"href":"http:\/\/staging.ibermusicas.org\/index.php\/wp-json\/wp\/v2\/categories?post=8423"},{"taxonomy":"post_tag","embeddable":true,"href":"http:\/\/staging.ibermusicas.org\/index.php\/wp-json\/wp\/v2\/tags?post=8423"}],"curies":[{"name":"wp","href":"https:\/\/api.w.org\/{rel}","templated":true}]}}