{"id":8438,"date":"2019-12-01T02:57:34","date_gmt":"2019-12-01T02:57:34","guid":{"rendered":"http:\/\/staging.ibermusicas.org\/?p=8438"},"modified":"2021-07-14T02:58:37","modified_gmt":"2021-07-14T02:58:37","slug":"ibermusicas-y-el-ministerio-de-cultura-de-peru-abren-un-concurso-de-creacion-de-cancion-en-conmemoracion-de-los-100-anos-del-nacimiento-de-chabuca-granda","status":"publish","type":"post","link":"http:\/\/staging.ibermusicas.org\/index.php\/ibermusicas-y-el-ministerio-de-cultura-de-peru-abren-un-concurso-de-creacion-de-cancion-en-conmemoracion-de-los-100-anos-del-nacimiento-de-chabuca-granda\/","title":{"rendered":"Iberm\u00fasicas y el Ministerio de Cultura de Per\u00fa abren un concurso de creaci\u00f3n de canci\u00f3n en conmemoraci\u00f3n de los 100 a\u00f1os del nacimiento de Chabuca Granda"},"content":{"rendered":"<p><span data-sheets-value=\"{&quot;1&quot;:2,&quot;2&quot;:&quot;El Ministerio de Cultura e Iberm\u00fasicas anuncian el lanzamiento del \u201cConcurso Iberoamericano 100 a\u00f1os del nacimiento de Chabuca Granda - Creaci\u00f3n de Canci\u00f3n\u201d. Este concurso tiene como objetivo impulsar y promover la creaci\u00f3n musical; y contribuir a la ampliaci\u00f3n del repertorio iberoamericano en sus diferentes g\u00e9neros tradicionales. Se premiar\u00e1 una canci\u00f3n de un autor\/a y\/o compositor\/a proveniente de los pa\u00edses que conforman el Programa Iberm\u00fasicas: Argentina, Brasil, Chile, Colombia, Costa Rica, Cuba, Ecuador, M\u00e9xico, Panam\u00e1, Paraguay, Per\u00fa y Uruguay.&quot;}\" data-sheets-userformat=\"{&quot;2&quot;:513,&quot;3&quot;:{&quot;1&quot;:0},&quot;12&quot;:0}\">El Ministerio de Cultura e Iberm\u00fasicas anuncian el lanzamiento del \u201cConcurso Iberoamericano 100 a\u00f1os del nacimiento de Chabuca Granda &#8211; Creaci\u00f3n de Canci\u00f3n\u201d. Este concurso tiene como objetivo impulsar y promover la creaci\u00f3n musical; y contribuir a la ampliaci\u00f3n del repertorio iberoamericano en sus diferentes g\u00e9neros tradicionales. Se premiar\u00e1 una canci\u00f3n de un autor\/a y\/o compositor\/a proveniente de los pa\u00edses que conforman el Programa Iberm\u00fasicas: Argentina, Brasil, Chile, Colombia, Costa Rica, Cuba, Ecuador, M\u00e9xico, Panam\u00e1, Paraguay, Per\u00fa y Uruguay.<\/span><\/p>\n","protected":false},"excerpt":{"rendered":"<p>El Ministerio de Cultura e Iberm\u00fasicas anuncian el lanzamiento del \u201cConcurso Iberoamericano 100 a\u00f1os del nacimiento de Chabuca Granda &#8211; Creaci\u00f3n de Canci\u00f3n\u201d. Este concurso tiene como objetivo impulsar y promover la creaci\u00f3n musical; y contribuir a la ampliaci\u00f3n del repertorio iberoamericano en sus diferentes g\u00e9neros tradicionales. Se premiar\u00e1 una canci\u00f3n de un autor\/a y\/o [&hellip;]<\/p>\n","protected":false},"author":1,"featured_media":8439,"comment_status":"closed","ping_status":"closed","sticky":false,"template":"","format":"standard","meta":{"footnotes":""},"categories":[53],"tags":[],"class_list":["post-8438","post","type-post","status-publish","format-standard","has-post-thumbnail","hentry","category-noticias-generales"],"lang":"es","translations":{"es":8438},"pll_sync_post":[],"post_mailing_queue_ids":[],"_links":{"self":[{"href":"http:\/\/staging.ibermusicas.org\/index.php\/wp-json\/wp\/v2\/posts\/8438","targetHints":{"allow":["GET"]}}],"collection":[{"href":"http:\/\/staging.ibermusicas.org\/index.php\/wp-json\/wp\/v2\/posts"}],"about":[{"href":"http:\/\/staging.ibermusicas.org\/index.php\/wp-json\/wp\/v2\/types\/post"}],"author":[{"embeddable":true,"href":"http:\/\/staging.ibermusicas.org\/index.php\/wp-json\/wp\/v2\/users\/1"}],"replies":[{"embeddable":true,"href":"http:\/\/staging.ibermusicas.org\/index.php\/wp-json\/wp\/v2\/comments?post=8438"}],"version-history":[{"count":1,"href":"http:\/\/staging.ibermusicas.org\/index.php\/wp-json\/wp\/v2\/posts\/8438\/revisions"}],"predecessor-version":[{"id":8440,"href":"http:\/\/staging.ibermusicas.org\/index.php\/wp-json\/wp\/v2\/posts\/8438\/revisions\/8440"}],"wp:featuredmedia":[{"embeddable":true,"href":"http:\/\/staging.ibermusicas.org\/index.php\/wp-json\/wp\/v2\/media\/8439"}],"wp:attachment":[{"href":"http:\/\/staging.ibermusicas.org\/index.php\/wp-json\/wp\/v2\/media?parent=8438"}],"wp:term":[{"taxonomy":"category","embeddable":true,"href":"http:\/\/staging.ibermusicas.org\/index.php\/wp-json\/wp\/v2\/categories?post=8438"},{"taxonomy":"post_tag","embeddable":true,"href":"http:\/\/staging.ibermusicas.org\/index.php\/wp-json\/wp\/v2\/tags?post=8438"}],"curies":[{"name":"wp","href":"https:\/\/api.w.org\/{rel}","templated":true}]}}