{"id":8441,"date":"2019-12-09T02:58:52","date_gmt":"2019-12-09T02:58:52","guid":{"rendered":"http:\/\/staging.ibermusicas.org\/?p=8441"},"modified":"2021-07-14T03:00:00","modified_gmt":"2021-07-14T03:00:00","slug":"se-afirman-y-profundizan-las-acciones-de-sinergia-establecidas-entre-ibermusicas-e-ibercultura-viva","status":"publish","type":"post","link":"http:\/\/staging.ibermusicas.org\/index.php\/se-afirman-y-profundizan-las-acciones-de-sinergia-establecidas-entre-ibermusicas-e-ibercultura-viva\/","title":{"rendered":"Se afirman y profundizan las acciones de sinergia establecidas entre Iberm\u00fasicas e IberCultura Viva"},"content":{"rendered":"<p><span data-sheets-value=\"{&quot;1&quot;:2,&quot;2&quot;:&quot;Para los proyectos de circulaci\u00f3n que se ralizar\u00e1n durante el a\u00f1o 2020 los programas de Cooperaci\u00f3n Iberoamericana Iberm\u00fasicas e IberCultura Viva han implementado un banco de saberes conformado por propuestas de formaci\u00f3n y\/o intercambio comunitario presentadas por los\/as artistas beneficiarios\/as de las convocatorias de Iberm\u00fasicas. Por medio de esta acci\u00f3n conjunta las organizaciones culturales comunitarias o pueblos originarios de los pa\u00edses de destino de estas propuestas pueden solicitarlas para que se desarrollen en sus territorios.&quot;}\" data-sheets-userformat=\"{&quot;2&quot;:513,&quot;3&quot;:{&quot;1&quot;:0},&quot;12&quot;:0}\">Para los proyectos de circulaci\u00f3n que se ralizar\u00e1n durante el a\u00f1o 2020 los programas de Cooperaci\u00f3n Iberoamericana Iberm\u00fasicas e IberCultura Viva han implementado un banco de saberes conformado por propuestas de formaci\u00f3n y\/o intercambio comunitario presentadas por los\/as artistas beneficiarios\/as de las convocatorias de Iberm\u00fasicas. Por medio de esta acci\u00f3n conjunta las organizaciones culturales comunitarias o pueblos originarios de los pa\u00edses de destino de estas propuestas pueden solicitarlas para que se desarrollen en sus territorios.<\/span><\/p>\n","protected":false},"excerpt":{"rendered":"<p>Para los proyectos de circulaci\u00f3n que se ralizar\u00e1n durante el a\u00f1o 2020 los programas de Cooperaci\u00f3n Iberoamericana Iberm\u00fasicas e IberCultura Viva han implementado un banco de saberes conformado por propuestas de formaci\u00f3n y\/o intercambio comunitario presentadas por los\/as artistas beneficiarios\/as de las convocatorias de Iberm\u00fasicas. Por medio de esta acci\u00f3n conjunta las organizaciones culturales comunitarias [&hellip;]<\/p>\n","protected":false},"author":1,"featured_media":8442,"comment_status":"closed","ping_status":"closed","sticky":false,"template":"","format":"standard","meta":{"footnotes":""},"categories":[53],"tags":[],"class_list":["post-8441","post","type-post","status-publish","format-standard","has-post-thumbnail","hentry","category-noticias-generales"],"lang":"es","translations":{"es":8441},"pll_sync_post":[],"post_mailing_queue_ids":[],"_links":{"self":[{"href":"http:\/\/staging.ibermusicas.org\/index.php\/wp-json\/wp\/v2\/posts\/8441","targetHints":{"allow":["GET"]}}],"collection":[{"href":"http:\/\/staging.ibermusicas.org\/index.php\/wp-json\/wp\/v2\/posts"}],"about":[{"href":"http:\/\/staging.ibermusicas.org\/index.php\/wp-json\/wp\/v2\/types\/post"}],"author":[{"embeddable":true,"href":"http:\/\/staging.ibermusicas.org\/index.php\/wp-json\/wp\/v2\/users\/1"}],"replies":[{"embeddable":true,"href":"http:\/\/staging.ibermusicas.org\/index.php\/wp-json\/wp\/v2\/comments?post=8441"}],"version-history":[{"count":1,"href":"http:\/\/staging.ibermusicas.org\/index.php\/wp-json\/wp\/v2\/posts\/8441\/revisions"}],"predecessor-version":[{"id":8443,"href":"http:\/\/staging.ibermusicas.org\/index.php\/wp-json\/wp\/v2\/posts\/8441\/revisions\/8443"}],"wp:featuredmedia":[{"embeddable":true,"href":"http:\/\/staging.ibermusicas.org\/index.php\/wp-json\/wp\/v2\/media\/8442"}],"wp:attachment":[{"href":"http:\/\/staging.ibermusicas.org\/index.php\/wp-json\/wp\/v2\/media?parent=8441"}],"wp:term":[{"taxonomy":"category","embeddable":true,"href":"http:\/\/staging.ibermusicas.org\/index.php\/wp-json\/wp\/v2\/categories?post=8441"},{"taxonomy":"post_tag","embeddable":true,"href":"http:\/\/staging.ibermusicas.org\/index.php\/wp-json\/wp\/v2\/tags?post=8441"}],"curies":[{"name":"wp","href":"https:\/\/api.w.org\/{rel}","templated":true}]}}