{"id":8462,"date":"2020-01-03T03:07:50","date_gmt":"2020-01-03T03:07:50","guid":{"rendered":"http:\/\/staging.ibermusicas.org\/?p=8462"},"modified":"2021-07-14T03:08:48","modified_gmt":"2021-07-14T03:08:48","slug":"la-cantante-y-compositora-colombiana-marta-gomez-sera-parte-de-la-programacion-del-quinto-encuentro-de-mujeres-creadoras-en-la-habana-cuba","status":"publish","type":"post","link":"http:\/\/staging.ibermusicas.org\/index.php\/la-cantante-y-compositora-colombiana-marta-gomez-sera-parte-de-la-programacion-del-quinto-encuentro-de-mujeres-creadoras-en-la-habana-cuba\/","title":{"rendered":"La cantante y compositora colombiana Marta G\u00f3mez ser\u00e1 parte de la programaci\u00f3n del \u201cQuinto Encuentro de Mujeres Creadoras\u201d en La Habana, Cuba"},"content":{"rendered":"<p><span data-sheets-value=\"{&quot;1&quot;:2,&quot;2&quot;:&quot;Graduada con honores de la prestigiosa Berklee College of Music luego de recibir la beca \u201cBest Achievement\u201d, la cantautora colombiana Marta G\u00f3mez, ha desarollado una carrera art\u00edstica que la posiciona como una de las compositoras e int\u00e9rpretes m\u00e1s destacadas de la actual escena musical internacional. \\r &quot;}\" data-sheets-userformat=\"{&quot;2&quot;:513,&quot;3&quot;:{&quot;1&quot;:0},&quot;12&quot;:0}\">Graduada con honores de la prestigiosa Berklee College of Music luego de recibir la beca \u201cBest Achievement\u201d, la cantautora colombiana Marta G\u00f3mez, ha desarollado una carrera art\u00edstica que la posiciona como una de las compositoras e int\u00e9rpretes m\u00e1s destacadas de la actual escena musical internacional. <\/span><\/p>\n","protected":false},"excerpt":{"rendered":"<p>Graduada con honores de la prestigiosa Berklee College of Music luego de recibir la beca \u201cBest Achievement\u201d, la cantautora colombiana Marta G\u00f3mez, ha desarollado una carrera art\u00edstica que la posiciona como una de las compositoras e int\u00e9rpretes m\u00e1s destacadas de la actual escena musical internacional.<\/p>\n","protected":false},"author":1,"featured_media":8463,"comment_status":"closed","ping_status":"closed","sticky":false,"template":"","format":"standard","meta":{"footnotes":""},"categories":[53],"tags":[],"class_list":["post-8462","post","type-post","status-publish","format-standard","has-post-thumbnail","hentry","category-noticias-generales"],"lang":"es","translations":{"es":8462},"pll_sync_post":[],"post_mailing_queue_ids":[],"_links":{"self":[{"href":"http:\/\/staging.ibermusicas.org\/index.php\/wp-json\/wp\/v2\/posts\/8462","targetHints":{"allow":["GET"]}}],"collection":[{"href":"http:\/\/staging.ibermusicas.org\/index.php\/wp-json\/wp\/v2\/posts"}],"about":[{"href":"http:\/\/staging.ibermusicas.org\/index.php\/wp-json\/wp\/v2\/types\/post"}],"author":[{"embeddable":true,"href":"http:\/\/staging.ibermusicas.org\/index.php\/wp-json\/wp\/v2\/users\/1"}],"replies":[{"embeddable":true,"href":"http:\/\/staging.ibermusicas.org\/index.php\/wp-json\/wp\/v2\/comments?post=8462"}],"version-history":[{"count":1,"href":"http:\/\/staging.ibermusicas.org\/index.php\/wp-json\/wp\/v2\/posts\/8462\/revisions"}],"predecessor-version":[{"id":8464,"href":"http:\/\/staging.ibermusicas.org\/index.php\/wp-json\/wp\/v2\/posts\/8462\/revisions\/8464"}],"wp:featuredmedia":[{"embeddable":true,"href":"http:\/\/staging.ibermusicas.org\/index.php\/wp-json\/wp\/v2\/media\/8463"}],"wp:attachment":[{"href":"http:\/\/staging.ibermusicas.org\/index.php\/wp-json\/wp\/v2\/media?parent=8462"}],"wp:term":[{"taxonomy":"category","embeddable":true,"href":"http:\/\/staging.ibermusicas.org\/index.php\/wp-json\/wp\/v2\/categories?post=8462"},{"taxonomy":"post_tag","embeddable":true,"href":"http:\/\/staging.ibermusicas.org\/index.php\/wp-json\/wp\/v2\/tags?post=8462"}],"curies":[{"name":"wp","href":"https:\/\/api.w.org\/{rel}","templated":true}]}}