{"id":8484,"date":"2020-01-06T03:16:26","date_gmt":"2020-01-06T03:16:26","guid":{"rendered":"http:\/\/staging.ibermusicas.org\/?p=8484"},"modified":"2021-07-14T03:17:23","modified_gmt":"2021-07-14T03:17:23","slug":"grandes-maestros-se-reuniran-a-compartir-su-experiencia-con-jovenes-musicos-en-el-v-camp-musicaustral-edicion-2020-que-se-realizara-en-frutillar-chile-4","status":"publish","type":"post","link":"http:\/\/staging.ibermusicas.org\/index.php\/grandes-maestros-se-reuniran-a-compartir-su-experiencia-con-jovenes-musicos-en-el-v-camp-musicaustral-edicion-2020-que-se-realizara-en-frutillar-chile-4\/","title":{"rendered":"Grandes maestros se reunir\u00e1n a compartir su experiencia con j\u00f3venes m\u00fasicos en el V Camp Musicaustral edici\u00f3n 2020 que se realizar\u00e1 en Frutillar, Chile"},"content":{"rendered":"<p><span data-sheets-value=\"{&quot;1&quot;:2,&quot;2&quot;:&quot;Daniel Emden (percusionista chileno), Seva Castro (guitarrista argentino), Paz Mera (cantante chilena), Jake Kelberman (guitarrista norteamericano), Fernando Bruno (percusionista argentino) y Carlos Felipe Vega (contrabajista colombiano), son los maestros que participar\u00e1n este a\u00f1o en el V Camp Musicaustral a realizarse entre los d\u00edas 13 y 19 de enero en Frutillar, declarada Ciudad Creativa de la M\u00fasica por UNESCO.&quot;}\" data-sheets-userformat=\"{&quot;2&quot;:515,&quot;3&quot;:{&quot;1&quot;:0},&quot;4&quot;:{&quot;1&quot;:2,&quot;2&quot;:13822754},&quot;12&quot;:0}\">Daniel Emden (percusionista chileno), Seva Castro (guitarrista argentino), Paz Mera (cantante chilena), Jake Kelberman (guitarrista norteamericano), Fernando Bruno (percusionista argentino) y Carlos Felipe Vega (contrabajista colombiano), son los maestros que participar\u00e1n este a\u00f1o en el V Camp Musicaustral a realizarse entre los d\u00edas 13 y 19 de enero en Frutillar, declarada Ciudad Creativa de la M\u00fasica por UNESCO.<\/span><\/p>\n","protected":false},"excerpt":{"rendered":"<p>Daniel Emden (percusionista chileno), Seva Castro (guitarrista argentino), Paz Mera (cantante chilena), Jake Kelberman (guitarrista norteamericano), Fernando Bruno (percusionista argentino) y Carlos Felipe Vega (contrabajista colombiano), son los maestros que participar\u00e1n este a\u00f1o en el V Camp Musicaustral a realizarse entre los d\u00edas 13 y 19 de enero en Frutillar, declarada Ciudad Creativa de la [&hellip;]<\/p>\n","protected":false},"author":1,"featured_media":8485,"comment_status":"closed","ping_status":"closed","sticky":false,"template":"","format":"standard","meta":{"footnotes":""},"categories":[53],"tags":[],"class_list":["post-8484","post","type-post","status-publish","format-standard","has-post-thumbnail","hentry","category-noticias-generales"],"lang":"es","translations":{"es":8484},"pll_sync_post":[],"post_mailing_queue_ids":[],"_links":{"self":[{"href":"http:\/\/staging.ibermusicas.org\/index.php\/wp-json\/wp\/v2\/posts\/8484","targetHints":{"allow":["GET"]}}],"collection":[{"href":"http:\/\/staging.ibermusicas.org\/index.php\/wp-json\/wp\/v2\/posts"}],"about":[{"href":"http:\/\/staging.ibermusicas.org\/index.php\/wp-json\/wp\/v2\/types\/post"}],"author":[{"embeddable":true,"href":"http:\/\/staging.ibermusicas.org\/index.php\/wp-json\/wp\/v2\/users\/1"}],"replies":[{"embeddable":true,"href":"http:\/\/staging.ibermusicas.org\/index.php\/wp-json\/wp\/v2\/comments?post=8484"}],"version-history":[{"count":2,"href":"http:\/\/staging.ibermusicas.org\/index.php\/wp-json\/wp\/v2\/posts\/8484\/revisions"}],"predecessor-version":[{"id":8487,"href":"http:\/\/staging.ibermusicas.org\/index.php\/wp-json\/wp\/v2\/posts\/8484\/revisions\/8487"}],"wp:featuredmedia":[{"embeddable":true,"href":"http:\/\/staging.ibermusicas.org\/index.php\/wp-json\/wp\/v2\/media\/8485"}],"wp:attachment":[{"href":"http:\/\/staging.ibermusicas.org\/index.php\/wp-json\/wp\/v2\/media?parent=8484"}],"wp:term":[{"taxonomy":"category","embeddable":true,"href":"http:\/\/staging.ibermusicas.org\/index.php\/wp-json\/wp\/v2\/categories?post=8484"},{"taxonomy":"post_tag","embeddable":true,"href":"http:\/\/staging.ibermusicas.org\/index.php\/wp-json\/wp\/v2\/tags?post=8484"}],"curies":[{"name":"wp","href":"https:\/\/api.w.org\/{rel}","templated":true}]}}