{"id":8488,"date":"2020-02-20T03:17:33","date_gmt":"2020-02-20T03:17:33","guid":{"rendered":"http:\/\/staging.ibermusicas.org\/?p=8488"},"modified":"2021-07-14T03:18:21","modified_gmt":"2021-07-14T03:18:21","slug":"el-gran-pianista-mexicano-daniel-wong-se-presentara-en-la-habana-cuba-3","status":"publish","type":"post","link":"http:\/\/staging.ibermusicas.org\/index.php\/el-gran-pianista-mexicano-daniel-wong-se-presentara-en-la-habana-cuba-3\/","title":{"rendered":"El gran pianista mexicano Daniel Wong se presentar\u00e1 en La Habana, Cuba"},"content":{"rendered":"<p><span data-sheets-value=\"{&quot;1&quot;:2,&quot;2&quot;:&quot;El pianista mexicano Daniel Wong est\u00e1 graduado en las carreras de Piano Jazz y Piano Cl\u00e1sico por la Escuela Superior de M\u00fasica.&quot;}\" data-sheets-userformat=\"{&quot;2&quot;:513,&quot;3&quot;:{&quot;1&quot;:0},&quot;12&quot;:0}\">El pianista mexicano Daniel Wong est\u00e1 graduado en las carreras de Piano Jazz y Piano Cl\u00e1sico por la Escuela Superior de M\u00fasica.<\/span><\/p>\n","protected":false},"excerpt":{"rendered":"<p>El pianista mexicano Daniel Wong est\u00e1 graduado en las carreras de Piano Jazz y Piano Cl\u00e1sico por la Escuela Superior de M\u00fasica.<\/p>\n","protected":false},"author":1,"featured_media":8489,"comment_status":"closed","ping_status":"closed","sticky":false,"template":"","format":"standard","meta":{"footnotes":""},"categories":[53],"tags":[],"class_list":["post-8488","post","type-post","status-publish","format-standard","has-post-thumbnail","hentry","category-noticias-generales"],"lang":"es","translations":{"es":8488},"pll_sync_post":[],"post_mailing_queue_ids":[],"_links":{"self":[{"href":"http:\/\/staging.ibermusicas.org\/index.php\/wp-json\/wp\/v2\/posts\/8488","targetHints":{"allow":["GET"]}}],"collection":[{"href":"http:\/\/staging.ibermusicas.org\/index.php\/wp-json\/wp\/v2\/posts"}],"about":[{"href":"http:\/\/staging.ibermusicas.org\/index.php\/wp-json\/wp\/v2\/types\/post"}],"author":[{"embeddable":true,"href":"http:\/\/staging.ibermusicas.org\/index.php\/wp-json\/wp\/v2\/users\/1"}],"replies":[{"embeddable":true,"href":"http:\/\/staging.ibermusicas.org\/index.php\/wp-json\/wp\/v2\/comments?post=8488"}],"version-history":[{"count":1,"href":"http:\/\/staging.ibermusicas.org\/index.php\/wp-json\/wp\/v2\/posts\/8488\/revisions"}],"predecessor-version":[{"id":8490,"href":"http:\/\/staging.ibermusicas.org\/index.php\/wp-json\/wp\/v2\/posts\/8488\/revisions\/8490"}],"wp:featuredmedia":[{"embeddable":true,"href":"http:\/\/staging.ibermusicas.org\/index.php\/wp-json\/wp\/v2\/media\/8489"}],"wp:attachment":[{"href":"http:\/\/staging.ibermusicas.org\/index.php\/wp-json\/wp\/v2\/media?parent=8488"}],"wp:term":[{"taxonomy":"category","embeddable":true,"href":"http:\/\/staging.ibermusicas.org\/index.php\/wp-json\/wp\/v2\/categories?post=8488"},{"taxonomy":"post_tag","embeddable":true,"href":"http:\/\/staging.ibermusicas.org\/index.php\/wp-json\/wp\/v2\/tags?post=8488"}],"curies":[{"name":"wp","href":"https:\/\/api.w.org\/{rel}","templated":true}]}}