{"id":8497,"date":"2020-02-11T03:20:16","date_gmt":"2020-02-11T03:20:16","guid":{"rendered":"http:\/\/staging.ibermusicas.org\/?p=8497"},"modified":"2021-07-14T03:21:20","modified_gmt":"2021-07-14T03:21:20","slug":"yamile-burich-ladies-jazz-de-argentina-se-presentan-en-el-21o-festival-jazz-blues-de-ceara-brasil-3","status":"publish","type":"post","link":"http:\/\/staging.ibermusicas.org\/index.php\/yamile-burich-ladies-jazz-de-argentina-se-presentan-en-el-21o-festival-jazz-blues-de-ceara-brasil-3\/","title":{"rendered":"Yamile Burich &#038; Ladies Jazz de Argentina se presentan en el 21\u00ba Festival Jazz &#038; Blues de Cear\u00e1, Brasil"},"content":{"rendered":"<p><span data-sheets-value=\"{&quot;1&quot;:2,&quot;2&quot;:&quot;Con entrada gratuita para la mayor parte de la programaci\u00f3n, el festival tendr\u00e1 lugar en Gauaramiranga, Aquiraz, Forgaliza y Maracana\u00fa. Shows, ensayos abiertos, conferencias y talleres marcan la programaci\u00f3n del tradicional Festival Jazz y Blues.\\r \\r &quot;}\" data-sheets-userformat=\"{&quot;2&quot;:513,&quot;3&quot;:{&quot;1&quot;:0},&quot;12&quot;:0}\">Con entrada gratuita para la mayor parte de la programaci\u00f3n, el festival tendr\u00e1 lugar en Gauaramiranga, Aquiraz, Forgaliza y Maracana\u00fa. Shows, ensayos abiertos, conferencias y talleres marcan la programaci\u00f3n del tradicional Festival Jazz y Blues. <\/span><\/p>\n","protected":false},"excerpt":{"rendered":"<p>Con entrada gratuita para la mayor parte de la programaci\u00f3n, el festival tendr\u00e1 lugar en Gauaramiranga, Aquiraz, Forgaliza y Maracana\u00fa. Shows, ensayos abiertos, conferencias y talleres marcan la programaci\u00f3n del tradicional Festival Jazz y Blues.<\/p>\n","protected":false},"author":1,"featured_media":8498,"comment_status":"closed","ping_status":"closed","sticky":false,"template":"","format":"standard","meta":{"footnotes":""},"categories":[53],"tags":[],"class_list":["post-8497","post","type-post","status-publish","format-standard","has-post-thumbnail","hentry","category-noticias-generales"],"lang":"es","translations":{"es":8497},"pll_sync_post":[],"post_mailing_queue_ids":[],"_links":{"self":[{"href":"http:\/\/staging.ibermusicas.org\/index.php\/wp-json\/wp\/v2\/posts\/8497","targetHints":{"allow":["GET"]}}],"collection":[{"href":"http:\/\/staging.ibermusicas.org\/index.php\/wp-json\/wp\/v2\/posts"}],"about":[{"href":"http:\/\/staging.ibermusicas.org\/index.php\/wp-json\/wp\/v2\/types\/post"}],"author":[{"embeddable":true,"href":"http:\/\/staging.ibermusicas.org\/index.php\/wp-json\/wp\/v2\/users\/1"}],"replies":[{"embeddable":true,"href":"http:\/\/staging.ibermusicas.org\/index.php\/wp-json\/wp\/v2\/comments?post=8497"}],"version-history":[{"count":1,"href":"http:\/\/staging.ibermusicas.org\/index.php\/wp-json\/wp\/v2\/posts\/8497\/revisions"}],"predecessor-version":[{"id":8499,"href":"http:\/\/staging.ibermusicas.org\/index.php\/wp-json\/wp\/v2\/posts\/8497\/revisions\/8499"}],"wp:featuredmedia":[{"embeddable":true,"href":"http:\/\/staging.ibermusicas.org\/index.php\/wp-json\/wp\/v2\/media\/8498"}],"wp:attachment":[{"href":"http:\/\/staging.ibermusicas.org\/index.php\/wp-json\/wp\/v2\/media?parent=8497"}],"wp:term":[{"taxonomy":"category","embeddable":true,"href":"http:\/\/staging.ibermusicas.org\/index.php\/wp-json\/wp\/v2\/categories?post=8497"},{"taxonomy":"post_tag","embeddable":true,"href":"http:\/\/staging.ibermusicas.org\/index.php\/wp-json\/wp\/v2\/tags?post=8497"}],"curies":[{"name":"wp","href":"https:\/\/api.w.org\/{rel}","templated":true}]}}