{"id":8503,"date":"2020-02-10T03:22:23","date_gmt":"2020-02-10T03:22:23","guid":{"rendered":"http:\/\/staging.ibermusicas.org\/?p=8503"},"modified":"2021-07-14T03:23:14","modified_gmt":"2021-07-14T03:23:14","slug":"desde-la-isla-de-providencia-en-el-caribe-colombiano-elkin-robinson-lleva-su-musica-a-uruguay-y-brasil-3","status":"publish","type":"post","link":"http:\/\/staging.ibermusicas.org\/index.php\/desde-la-isla-de-providencia-en-el-caribe-colombiano-elkin-robinson-lleva-su-musica-a-uruguay-y-brasil-3\/","title":{"rendered":"Desde la isla de Providencia en el Caribe colombiano, Elkin Robinson lleva su m\u00fasica a Uruguay y Brasil"},"content":{"rendered":"<p><span data-sheets-value=\"{&quot;1&quot;:2,&quot;2&quot;:&quot;Elkin Robinson es un m\u00fasico y compositor, nacido en la isla de Providencia, ubicada en el Caribe colombiano, que ha hecho de ritmos afrocaribe\u00f1os como calypso, ment\u00f3 y zouk su principal motivo de inspiraci\u00f3n. &quot;}\" data-sheets-userformat=\"{&quot;2&quot;:513,&quot;3&quot;:{&quot;1&quot;:0},&quot;12&quot;:0}\">Elkin Robinson es un m\u00fasico y compositor, nacido en la isla de Providencia, ubicada en el Caribe colombiano, que ha hecho de ritmos afrocaribe\u00f1os como calypso, ment\u00f3 y zouk su principal motivo de inspiraci\u00f3n. <\/span><\/p>\n","protected":false},"excerpt":{"rendered":"<p>Elkin Robinson es un m\u00fasico y compositor, nacido en la isla de Providencia, ubicada en el Caribe colombiano, que ha hecho de ritmos afrocaribe\u00f1os como calypso, ment\u00f3 y zouk su principal motivo de inspiraci\u00f3n.<\/p>\n","protected":false},"author":1,"featured_media":8504,"comment_status":"closed","ping_status":"closed","sticky":false,"template":"","format":"standard","meta":{"footnotes":""},"categories":[53],"tags":[],"class_list":["post-8503","post","type-post","status-publish","format-standard","has-post-thumbnail","hentry","category-noticias-generales"],"lang":"es","translations":{"es":8503},"pll_sync_post":[],"post_mailing_queue_ids":[],"_links":{"self":[{"href":"http:\/\/staging.ibermusicas.org\/index.php\/wp-json\/wp\/v2\/posts\/8503","targetHints":{"allow":["GET"]}}],"collection":[{"href":"http:\/\/staging.ibermusicas.org\/index.php\/wp-json\/wp\/v2\/posts"}],"about":[{"href":"http:\/\/staging.ibermusicas.org\/index.php\/wp-json\/wp\/v2\/types\/post"}],"author":[{"embeddable":true,"href":"http:\/\/staging.ibermusicas.org\/index.php\/wp-json\/wp\/v2\/users\/1"}],"replies":[{"embeddable":true,"href":"http:\/\/staging.ibermusicas.org\/index.php\/wp-json\/wp\/v2\/comments?post=8503"}],"version-history":[{"count":1,"href":"http:\/\/staging.ibermusicas.org\/index.php\/wp-json\/wp\/v2\/posts\/8503\/revisions"}],"predecessor-version":[{"id":8505,"href":"http:\/\/staging.ibermusicas.org\/index.php\/wp-json\/wp\/v2\/posts\/8503\/revisions\/8505"}],"wp:featuredmedia":[{"embeddable":true,"href":"http:\/\/staging.ibermusicas.org\/index.php\/wp-json\/wp\/v2\/media\/8504"}],"wp:attachment":[{"href":"http:\/\/staging.ibermusicas.org\/index.php\/wp-json\/wp\/v2\/media?parent=8503"}],"wp:term":[{"taxonomy":"category","embeddable":true,"href":"http:\/\/staging.ibermusicas.org\/index.php\/wp-json\/wp\/v2\/categories?post=8503"},{"taxonomy":"post_tag","embeddable":true,"href":"http:\/\/staging.ibermusicas.org\/index.php\/wp-json\/wp\/v2\/tags?post=8503"}],"curies":[{"name":"wp","href":"https:\/\/api.w.org\/{rel}","templated":true}]}}