{"id":8506,"date":"2020-01-22T03:23:20","date_gmt":"2020-01-22T03:23:20","guid":{"rendered":"http:\/\/staging.ibermusicas.org\/?p=8506"},"modified":"2021-07-14T03:24:26","modified_gmt":"2021-07-14T03:24:26","slug":"desde-ecuador-grecia-alban-viaja-a-argentina-para-presentarse-en-buenos-aires-y-en-varias-ciudades-de-la-patagonia-3","status":"publish","type":"post","link":"http:\/\/staging.ibermusicas.org\/index.php\/desde-ecuador-grecia-alban-viaja-a-argentina-para-presentarse-en-buenos-aires-y-en-varias-ciudades-de-la-patagonia-3\/","title":{"rendered":"Desde Ecuador Grecia Alb\u00e1n viaja a Argentina para presentarse en Buenos Aires y en varias ciudades de la Patagonia"},"content":{"rendered":"<p><span data-sheets-value=\"{&quot;1&quot;:2,&quot;2&quot;:&quot;Grecia Alb\u00e1n combina m\u00fasica tradicional ecuatoriana, folklore latinoamericano, improvisaci\u00f3n libre e influencias contempor\u00e1neas. Celebra el mestizaje latinoamericano en una propuesta de alto contenido po\u00e9tico. &quot;}\" data-sheets-userformat=\"{&quot;2&quot;:513,&quot;3&quot;:{&quot;1&quot;:0},&quot;12&quot;:0}\">Grecia Alb\u00e1n combina m\u00fasica tradicional ecuatoriana, folklore latinoamericano, improvisaci\u00f3n libre e influencias contempor\u00e1neas. Celebra el mestizaje latinoamericano en una propuesta de alto contenido po\u00e9tico. <\/span><\/p>\n","protected":false},"excerpt":{"rendered":"<p>Grecia Alb\u00e1n combina m\u00fasica tradicional ecuatoriana, folklore latinoamericano, improvisaci\u00f3n libre e influencias contempor\u00e1neas. Celebra el mestizaje latinoamericano en una propuesta de alto contenido po\u00e9tico.<\/p>\n","protected":false},"author":1,"featured_media":8507,"comment_status":"closed","ping_status":"closed","sticky":false,"template":"","format":"standard","meta":{"footnotes":""},"categories":[53],"tags":[],"class_list":["post-8506","post","type-post","status-publish","format-standard","has-post-thumbnail","hentry","category-noticias-generales"],"lang":"es","translations":{"es":8506},"pll_sync_post":[],"post_mailing_queue_ids":[],"_links":{"self":[{"href":"http:\/\/staging.ibermusicas.org\/index.php\/wp-json\/wp\/v2\/posts\/8506","targetHints":{"allow":["GET"]}}],"collection":[{"href":"http:\/\/staging.ibermusicas.org\/index.php\/wp-json\/wp\/v2\/posts"}],"about":[{"href":"http:\/\/staging.ibermusicas.org\/index.php\/wp-json\/wp\/v2\/types\/post"}],"author":[{"embeddable":true,"href":"http:\/\/staging.ibermusicas.org\/index.php\/wp-json\/wp\/v2\/users\/1"}],"replies":[{"embeddable":true,"href":"http:\/\/staging.ibermusicas.org\/index.php\/wp-json\/wp\/v2\/comments?post=8506"}],"version-history":[{"count":1,"href":"http:\/\/staging.ibermusicas.org\/index.php\/wp-json\/wp\/v2\/posts\/8506\/revisions"}],"predecessor-version":[{"id":8508,"href":"http:\/\/staging.ibermusicas.org\/index.php\/wp-json\/wp\/v2\/posts\/8506\/revisions\/8508"}],"wp:featuredmedia":[{"embeddable":true,"href":"http:\/\/staging.ibermusicas.org\/index.php\/wp-json\/wp\/v2\/media\/8507"}],"wp:attachment":[{"href":"http:\/\/staging.ibermusicas.org\/index.php\/wp-json\/wp\/v2\/media?parent=8506"}],"wp:term":[{"taxonomy":"category","embeddable":true,"href":"http:\/\/staging.ibermusicas.org\/index.php\/wp-json\/wp\/v2\/categories?post=8506"},{"taxonomy":"post_tag","embeddable":true,"href":"http:\/\/staging.ibermusicas.org\/index.php\/wp-json\/wp\/v2\/tags?post=8506"}],"curies":[{"name":"wp","href":"https:\/\/api.w.org\/{rel}","templated":true}]}}