{"id":8509,"date":"2020-02-02T03:24:31","date_gmt":"2020-02-02T03:24:31","guid":{"rendered":"http:\/\/staging.ibermusicas.org\/?p=8509"},"modified":"2021-07-14T03:25:23","modified_gmt":"2021-07-14T03:25:23","slug":"las-musicas-argentinas-laura-peralta-y-adriana-lubiz-con-su-espectaculo-coplas-y-charango-emprenden-una-gira-por-diversas-ciudades-de-cuba-3","status":"publish","type":"post","link":"http:\/\/staging.ibermusicas.org\/index.php\/las-musicas-argentinas-laura-peralta-y-adriana-lubiz-con-su-espectaculo-coplas-y-charango-emprenden-una-gira-por-diversas-ciudades-de-cuba-3\/","title":{"rendered":"Las m\u00fasicas argentinas Laura Peralta y Adriana Lubiz con su espect\u00e1culo \u201cCoplas y Charango\u201d emprenden una gira por diversas ciudades de Cuba"},"content":{"rendered":"<p><span data-sheets-value=\"{&quot;1&quot;:2,&quot;2&quot;:&quot;En \u201cCoplas y Charango\u201d la coplera Laura Peralta y la charanguista Adriana Lubiz conjugan dos universos sonoros presentes en una amplia regi\u00f3n del norte argentino expres\u00e1ndolos en voces, melod\u00edas e im\u00e1genes.\\r \\r &quot;}\" data-sheets-userformat=\"{&quot;2&quot;:513,&quot;3&quot;:{&quot;1&quot;:0},&quot;12&quot;:0}\">En \u201cCoplas y Charango\u201d la coplera Laura Peralta y la charanguista Adriana Lubiz conjugan dos universos sonoros presentes en una amplia regi\u00f3n del norte argentino expres\u00e1ndolos en voces, melod\u00edas e im\u00e1genes. <\/span><\/p>\n","protected":false},"excerpt":{"rendered":"<p>En \u201cCoplas y Charango\u201d la coplera Laura Peralta y la charanguista Adriana Lubiz conjugan dos universos sonoros presentes en una amplia regi\u00f3n del norte argentino expres\u00e1ndolos en voces, melod\u00edas e im\u00e1genes.<\/p>\n","protected":false},"author":1,"featured_media":8510,"comment_status":"closed","ping_status":"closed","sticky":false,"template":"","format":"standard","meta":{"footnotes":""},"categories":[53],"tags":[],"class_list":["post-8509","post","type-post","status-publish","format-standard","has-post-thumbnail","hentry","category-noticias-generales"],"lang":"es","translations":{"es":8509},"pll_sync_post":[],"post_mailing_queue_ids":[],"_links":{"self":[{"href":"http:\/\/staging.ibermusicas.org\/index.php\/wp-json\/wp\/v2\/posts\/8509","targetHints":{"allow":["GET"]}}],"collection":[{"href":"http:\/\/staging.ibermusicas.org\/index.php\/wp-json\/wp\/v2\/posts"}],"about":[{"href":"http:\/\/staging.ibermusicas.org\/index.php\/wp-json\/wp\/v2\/types\/post"}],"author":[{"embeddable":true,"href":"http:\/\/staging.ibermusicas.org\/index.php\/wp-json\/wp\/v2\/users\/1"}],"replies":[{"embeddable":true,"href":"http:\/\/staging.ibermusicas.org\/index.php\/wp-json\/wp\/v2\/comments?post=8509"}],"version-history":[{"count":1,"href":"http:\/\/staging.ibermusicas.org\/index.php\/wp-json\/wp\/v2\/posts\/8509\/revisions"}],"predecessor-version":[{"id":8511,"href":"http:\/\/staging.ibermusicas.org\/index.php\/wp-json\/wp\/v2\/posts\/8509\/revisions\/8511"}],"wp:featuredmedia":[{"embeddable":true,"href":"http:\/\/staging.ibermusicas.org\/index.php\/wp-json\/wp\/v2\/media\/8510"}],"wp:attachment":[{"href":"http:\/\/staging.ibermusicas.org\/index.php\/wp-json\/wp\/v2\/media?parent=8509"}],"wp:term":[{"taxonomy":"category","embeddable":true,"href":"http:\/\/staging.ibermusicas.org\/index.php\/wp-json\/wp\/v2\/categories?post=8509"},{"taxonomy":"post_tag","embeddable":true,"href":"http:\/\/staging.ibermusicas.org\/index.php\/wp-json\/wp\/v2\/tags?post=8509"}],"curies":[{"name":"wp","href":"https:\/\/api.w.org\/{rel}","templated":true}]}}