{"id":8519,"date":"2020-02-07T03:27:47","date_gmt":"2020-02-07T03:27:47","guid":{"rendered":"http:\/\/staging.ibermusicas.org\/?p=8519"},"modified":"2021-07-14T03:28:36","modified_gmt":"2021-07-14T03:28:36","slug":"la-agrupacion-argentina-violentango-se-presentara-en-el-festival-world-music-panama-2020-3","status":"publish","type":"post","link":"http:\/\/staging.ibermusicas.org\/index.php\/la-agrupacion-argentina-violentango-se-presentara-en-el-festival-world-music-panama-2020-3\/","title":{"rendered":"La agrupaci\u00f3n argentina Violentango se presentar\u00e1 en el Festival World Music Panam\u00e1 2020"},"content":{"rendered":"<p><span data-sheets-value=\"{&quot;1&quot;:2,&quot;2&quot;:&quot;Violentango es una banda de tango instrumental contempor\u00e1neo fundada en diciembre de 2004 en la Ciudad de Buenos Aires. Su at\u00edpica formaci\u00f3n instrumental cuenta con dos guitarras cl\u00e1sicas, bandone\u00f3n, percusi\u00f3n y bajo el\u00e9ctrico. &quot;}\" data-sheets-userformat=\"{&quot;2&quot;:513,&quot;3&quot;:{&quot;1&quot;:0},&quot;12&quot;:0}\">Violentango es una banda de tango instrumental contempor\u00e1neo fundada en diciembre de 2004 en la Ciudad de Buenos Aires. Su at\u00edpica formaci\u00f3n instrumental cuenta con dos guitarras cl\u00e1sicas, bandone\u00f3n, percusi\u00f3n y bajo el\u00e9ctrico. <\/span><\/p>\n","protected":false},"excerpt":{"rendered":"<p>Violentango es una banda de tango instrumental contempor\u00e1neo fundada en diciembre de 2004 en la Ciudad de Buenos Aires. Su at\u00edpica formaci\u00f3n instrumental cuenta con dos guitarras cl\u00e1sicas, bandone\u00f3n, percusi\u00f3n y bajo el\u00e9ctrico.<\/p>\n","protected":false},"author":1,"featured_media":8520,"comment_status":"closed","ping_status":"closed","sticky":false,"template":"","format":"standard","meta":{"footnotes":""},"categories":[53],"tags":[],"class_list":["post-8519","post","type-post","status-publish","format-standard","has-post-thumbnail","hentry","category-noticias-generales"],"lang":"es","translations":{"es":8519},"pll_sync_post":[],"post_mailing_queue_ids":[],"_links":{"self":[{"href":"http:\/\/staging.ibermusicas.org\/index.php\/wp-json\/wp\/v2\/posts\/8519","targetHints":{"allow":["GET"]}}],"collection":[{"href":"http:\/\/staging.ibermusicas.org\/index.php\/wp-json\/wp\/v2\/posts"}],"about":[{"href":"http:\/\/staging.ibermusicas.org\/index.php\/wp-json\/wp\/v2\/types\/post"}],"author":[{"embeddable":true,"href":"http:\/\/staging.ibermusicas.org\/index.php\/wp-json\/wp\/v2\/users\/1"}],"replies":[{"embeddable":true,"href":"http:\/\/staging.ibermusicas.org\/index.php\/wp-json\/wp\/v2\/comments?post=8519"}],"version-history":[{"count":1,"href":"http:\/\/staging.ibermusicas.org\/index.php\/wp-json\/wp\/v2\/posts\/8519\/revisions"}],"predecessor-version":[{"id":8521,"href":"http:\/\/staging.ibermusicas.org\/index.php\/wp-json\/wp\/v2\/posts\/8519\/revisions\/8521"}],"wp:featuredmedia":[{"embeddable":true,"href":"http:\/\/staging.ibermusicas.org\/index.php\/wp-json\/wp\/v2\/media\/8520"}],"wp:attachment":[{"href":"http:\/\/staging.ibermusicas.org\/index.php\/wp-json\/wp\/v2\/media?parent=8519"}],"wp:term":[{"taxonomy":"category","embeddable":true,"href":"http:\/\/staging.ibermusicas.org\/index.php\/wp-json\/wp\/v2\/categories?post=8519"},{"taxonomy":"post_tag","embeddable":true,"href":"http:\/\/staging.ibermusicas.org\/index.php\/wp-json\/wp\/v2\/tags?post=8519"}],"curies":[{"name":"wp","href":"https:\/\/api.w.org\/{rel}","templated":true}]}}