{"id":8525,"date":"2020-02-14T03:29:40","date_gmt":"2020-02-14T03:29:40","guid":{"rendered":"http:\/\/staging.ibermusicas.org\/?p=8525"},"modified":"2021-07-14T03:30:38","modified_gmt":"2021-07-14T03:30:38","slug":"uruguay-al-primavera-sound","status":"publish","type":"post","link":"http:\/\/staging.ibermusicas.org\/index.php\/uruguay-al-primavera-sound\/","title":{"rendered":"\u00a1\u00a1\u00a1Uruguay al Primavera Sound!!!"},"content":{"rendered":"<p><span data-sheets-value=\"{&quot;1&quot;:2,&quot;2&quot;:&quot;Uruguay nuevamente ser\u00e1 representado en el festival catal\u00e1n Primavera Sound, con una renovada delegaci\u00f3n de artistas que continuar\u00e1n llevando la m\u00fasica local hacia nuevos horizontes.\\r &quot;}\" data-sheets-userformat=\"{&quot;2&quot;:513,&quot;3&quot;:{&quot;1&quot;:0},&quot;12&quot;:0}\">Uruguay nuevamente ser\u00e1 representado en el festival catal\u00e1n Primavera Sound, con una renovada delegaci\u00f3n de artistas que continuar\u00e1n llevando la m\u00fasica local hacia nuevos horizontes. <\/span><\/p>\n","protected":false},"excerpt":{"rendered":"<p>Uruguay nuevamente ser\u00e1 representado en el festival catal\u00e1n Primavera Sound, con una renovada delegaci\u00f3n de artistas que continuar\u00e1n llevando la m\u00fasica local hacia nuevos horizontes.<\/p>\n","protected":false},"author":1,"featured_media":8526,"comment_status":"closed","ping_status":"closed","sticky":false,"template":"","format":"standard","meta":{"footnotes":""},"categories":[53],"tags":[],"class_list":["post-8525","post","type-post","status-publish","format-standard","has-post-thumbnail","hentry","category-noticias-generales"],"lang":"es","translations":{"es":8525},"pll_sync_post":[],"post_mailing_queue_ids":[],"_links":{"self":[{"href":"http:\/\/staging.ibermusicas.org\/index.php\/wp-json\/wp\/v2\/posts\/8525","targetHints":{"allow":["GET"]}}],"collection":[{"href":"http:\/\/staging.ibermusicas.org\/index.php\/wp-json\/wp\/v2\/posts"}],"about":[{"href":"http:\/\/staging.ibermusicas.org\/index.php\/wp-json\/wp\/v2\/types\/post"}],"author":[{"embeddable":true,"href":"http:\/\/staging.ibermusicas.org\/index.php\/wp-json\/wp\/v2\/users\/1"}],"replies":[{"embeddable":true,"href":"http:\/\/staging.ibermusicas.org\/index.php\/wp-json\/wp\/v2\/comments?post=8525"}],"version-history":[{"count":1,"href":"http:\/\/staging.ibermusicas.org\/index.php\/wp-json\/wp\/v2\/posts\/8525\/revisions"}],"predecessor-version":[{"id":8527,"href":"http:\/\/staging.ibermusicas.org\/index.php\/wp-json\/wp\/v2\/posts\/8525\/revisions\/8527"}],"wp:featuredmedia":[{"embeddable":true,"href":"http:\/\/staging.ibermusicas.org\/index.php\/wp-json\/wp\/v2\/media\/8526"}],"wp:attachment":[{"href":"http:\/\/staging.ibermusicas.org\/index.php\/wp-json\/wp\/v2\/media?parent=8525"}],"wp:term":[{"taxonomy":"category","embeddable":true,"href":"http:\/\/staging.ibermusicas.org\/index.php\/wp-json\/wp\/v2\/categories?post=8525"},{"taxonomy":"post_tag","embeddable":true,"href":"http:\/\/staging.ibermusicas.org\/index.php\/wp-json\/wp\/v2\/tags?post=8525"}],"curies":[{"name":"wp","href":"https:\/\/api.w.org\/{rel}","templated":true}]}}