{"id":9412,"date":"2021-08-02T18:41:13","date_gmt":"2021-08-02T18:41:13","guid":{"rendered":"http:\/\/staging.ibermusicas.org\/?p=9412"},"modified":"2021-09-01T17:16:34","modified_gmt":"2021-09-01T17:16:34","slug":"desde-peru-ambiente-criollo-rinde-homenaje-a-compositoras-peruanas-de-la-musica-criolla","status":"publish","type":"post","link":"http:\/\/staging.ibermusicas.org\/index.php\/desde-peru-ambiente-criollo-rinde-homenaje-a-compositoras-peruanas-de-la-musica-criolla\/","title":{"rendered":"Desde Per\u00fa Ambiente Criollo rinde homenaje a compositoras peruanas de la m\u00fasica criolla"},"content":{"rendered":"<p>La agrupaci\u00f3n musical Ambiente Criollo presenta el proyecto \u201cHerencia: Mujeres compositoras en la historia de la m\u00fasica criolla\u201d, el cual se enmarca en la celebraci\u00f3n del bicentenario de la independencia del Per\u00fa del presente a\u00f1o. Este es un homenaje y un reconocimiento a la importante trayectoria y aporte musical de cinco grandes compositoras peruanas de la m\u00fasica criolla, como lo son Chabuca Granda, Rosa Mercedes Ayarza, Serafina Quinteras, Victoria Santa Cruz y Anna Renner.<\/p>\n<p>A lo largo de la historia las mujeres compositoras, cantautoras y m\u00fasicas han tenido que luchar, demostrado su trabajo y haci\u00e9ndose notar, incluso muchas veces, yendo contra la corriente; as\u00ed pues, su trabajo musical es un valioso aporte para el criollismo, pero, sobre todo, una inspiraci\u00f3n para las siguientes generaciones de mujeres compositoras. Este proyecto tendr\u00e1 un tema en colaboraci\u00f3n con Aluna Tamb\u00f3, agrupaci\u00f3n chilena de mujeres que rescata, practica y difunde las tradiciones art\u00edsticas de ra\u00edz africana y su legado en la Tumba Carnaval.<\/p>\n<p>El proyecto \u201cHerencia: Mujeres compositoras en la historia de la m\u00fasica criolla\u201d se transmitir\u00e1 a trav\u00e9s de las redes sociales de Ambiente Criollo a partir del 29 de agosto del 2021.<\/p>\n<p><a href=\"https:\/\/lt.mydplr.com\/519031f23712b275be86115d4ccb561b-81868bec073b3970fa62af291f12b42d\" target=\"_blank\" rel=\"noopener\" data-saferedirecturl=\"https:\/\/www.google.com\/url?q=https:\/\/lt.mydplr.com\/519031f23712b275be86115d4ccb561b-81868bec073b3970fa62af291f12b42d&amp;source=gmail&amp;ust=1628009641196000&amp;usg=AFQjCNFgu5Ll2iS4zFOe7WQzDMD0jNs-pQ\">youtube.com<\/a><br \/>\n<a href=\"https:\/\/lt.mydplr.com\/c607a166c4722793e6534b6b66c55997-81868bec073b3970fa62af291f12b42d\" target=\"_blank\" rel=\"noopener\" data-saferedirecturl=\"https:\/\/www.google.com\/url?q=https:\/\/lt.mydplr.com\/c607a166c4722793e6534b6b66c55997-81868bec073b3970fa62af291f12b42d&amp;source=gmail&amp;ust=1628009641196000&amp;usg=AFQjCNEaxGkSF1A4CBgUb_EO8XXtLg1YYw\">instagram.com<\/a><br \/>\n<a href=\"https:\/\/lt.mydplr.com\/1a967c4dded36eeb610a2397d9cfa5c8-81868bec073b3970fa62af291f12b42d\" target=\"_blank\" rel=\"noopener\" data-saferedirecturl=\"https:\/\/www.google.com\/url?q=https:\/\/lt.mydplr.com\/1a967c4dded36eeb610a2397d9cfa5c8-81868bec073b3970fa62af291f12b42d&amp;source=gmail&amp;ust=1628009641196000&amp;usg=AFQjCNF8aRxjEjJuMzIM6GyXGoDmUXWljQ\">facebook.com<\/a><\/p>\n","protected":false},"excerpt":{"rendered":"<p>La agrupaci\u00f3n musical Ambiente Criollo presenta el proyecto \u201cHerencia: Mujeres compositoras en la historia de la m\u00fasica criolla\u201d, el cual se enmarca en la celebraci\u00f3n del bicentenario de la independencia del Per\u00fa del presente a\u00f1o. Este es un homenaje y un reconocimiento a la importante trayectoria y aporte musical de cinco grandes compositoras peruanas de [&hellip;]<\/p>\n","protected":false},"author":1,"featured_media":9413,"comment_status":"closed","ping_status":"closed","sticky":false,"template":"","format":"standard","meta":{"footnotes":""},"categories":[53],"tags":[],"class_list":["post-9412","post","type-post","status-publish","format-standard","has-post-thumbnail","hentry","category-noticias-generales"],"lang":"es","translations":{"es":9412,"pt":9415},"pll_sync_post":[],"post_mailing_queue_ids":[],"_links":{"self":[{"href":"http:\/\/staging.ibermusicas.org\/index.php\/wp-json\/wp\/v2\/posts\/9412","targetHints":{"allow":["GET"]}}],"collection":[{"href":"http:\/\/staging.ibermusicas.org\/index.php\/wp-json\/wp\/v2\/posts"}],"about":[{"href":"http:\/\/staging.ibermusicas.org\/index.php\/wp-json\/wp\/v2\/types\/post"}],"author":[{"embeddable":true,"href":"http:\/\/staging.ibermusicas.org\/index.php\/wp-json\/wp\/v2\/users\/1"}],"replies":[{"embeddable":true,"href":"http:\/\/staging.ibermusicas.org\/index.php\/wp-json\/wp\/v2\/comments?post=9412"}],"version-history":[{"count":1,"href":"http:\/\/staging.ibermusicas.org\/index.php\/wp-json\/wp\/v2\/posts\/9412\/revisions"}],"predecessor-version":[{"id":9414,"href":"http:\/\/staging.ibermusicas.org\/index.php\/wp-json\/wp\/v2\/posts\/9412\/revisions\/9414"}],"wp:featuredmedia":[{"embeddable":true,"href":"http:\/\/staging.ibermusicas.org\/index.php\/wp-json\/wp\/v2\/media\/9413"}],"wp:attachment":[{"href":"http:\/\/staging.ibermusicas.org\/index.php\/wp-json\/wp\/v2\/media?parent=9412"}],"wp:term":[{"taxonomy":"category","embeddable":true,"href":"http:\/\/staging.ibermusicas.org\/index.php\/wp-json\/wp\/v2\/categories?post=9412"},{"taxonomy":"post_tag","embeddable":true,"href":"http:\/\/staging.ibermusicas.org\/index.php\/wp-json\/wp\/v2\/tags?post=9412"}],"curies":[{"name":"wp","href":"https:\/\/api.w.org\/{rel}","templated":true}]}}