{"id":9415,"date":"2021-08-02T18:42:43","date_gmt":"2021-08-02T18:42:43","guid":{"rendered":"http:\/\/staging.ibermusicas.org\/?p=9415"},"modified":"2021-09-01T17:19:16","modified_gmt":"2021-09-01T17:19:16","slug":"do-peru-ambiente-criollo-homenageia-compositores-peruanos-de-musica-crioula","status":"publish","type":"post","link":"http:\/\/staging.ibermusicas.org\/index.php\/do-peru-ambiente-criollo-homenageia-compositores-peruanos-de-musica-crioula\/","title":{"rendered":"Do Peru Ambiente Criollo homenageia compositores peruanos de m\u00fasica crioula"},"content":{"rendered":"<p>O grupo musical Ambiente Criollo apresenta o projeto \u201cPatrim\u00f4nio: Mulheres compositoras na hist\u00f3ria da m\u00fasica crioula\u201d, que faz parte da celebra\u00e7\u00e3o do bicenten\u00e1rio da independ\u00eancia do Peru este ano. Esta \u00e9 uma homenagem e reconhecimento \u00e0 importante trajet\u00f3ria e contribui\u00e7\u00e3o musical de cinco grandes compositores peruanos de m\u00fasica crioula, como Chabuca Granda, Rosa Mercedes Ayarza, Serafina Quinteras, Victoria Santa Cruz e Anna Renner.<\/p>\n<p>Ao longo da hist\u00f3ria, mulheres compositoras, cantoras-compositoras e m\u00fasicas tiveram que lutar, demonstrar seu trabalho e se dar a conhecer, muitas vezes, indo contra a corrente; Assim, seu trabalho musical \u00e9 uma valiosa contribui\u00e7\u00e3o para o crioulo, mas, acima de tudo, uma inspira\u00e7\u00e3o para as pr\u00f3ximas gera\u00e7\u00f5es de compositoras. Este projeto ter\u00e1 um tema em colabora\u00e7\u00e3o com Aluna Tamb\u00f3, grupo de mulheres chilenas que resgata, pratica e divulga as tradi\u00e7\u00f5es art\u00edsticas das ra\u00edzes africanas e seu legado na Tumba Carnaval.<\/p>\n<p>O projeto \u201cPatrim\u00f4nio: Mulheres compositoras na hist\u00f3ria da m\u00fasica crioula\u201d ser\u00e1 veiculado nas redes sociais do Ambiente Criollo a partir de 29 de agosto de 2021.<\/p>\n<p><a href=\"https:\/\/lt.mydplr.com\/519031f23712b275be86115d4ccb561b-81868bec073b3970fa62af291f12b42d\" target=\"_blank\" rel=\"noopener\" data-saferedirecturl=\"https:\/\/www.google.com\/url?q=https:\/\/lt.mydplr.com\/519031f23712b275be86115d4ccb561b-81868bec073b3970fa62af291f12b42d&amp;source=gmail&amp;ust=1628009641197000&amp;usg=AFQjCNFwLByKAudM2F68XntGMxaDgkFodg\">youtube.com<\/a><br \/>\n<a href=\"https:\/\/lt.mydplr.com\/c607a166c4722793e6534b6b66c55997-81868bec073b3970fa62af291f12b42d\" target=\"_blank\" rel=\"noopener\" data-saferedirecturl=\"https:\/\/www.google.com\/url?q=https:\/\/lt.mydplr.com\/c607a166c4722793e6534b6b66c55997-81868bec073b3970fa62af291f12b42d&amp;source=gmail&amp;ust=1628009641197000&amp;usg=AFQjCNEPMs8tkOsleSM8k-WfbwUjVAO5gw\">instagram.com<\/a><br \/>\n<a href=\"https:\/\/lt.mydplr.com\/1a967c4dded36eeb610a2397d9cfa5c8-81868bec073b3970fa62af291f12b42d\" target=\"_blank\" rel=\"noopener\" data-saferedirecturl=\"https:\/\/www.google.com\/url?q=https:\/\/lt.mydplr.com\/1a967c4dded36eeb610a2397d9cfa5c8-81868bec073b3970fa62af291f12b42d&amp;source=gmail&amp;ust=1628009641197000&amp;usg=AFQjCNHfxVOsrNtIDSVeAySFjHfR6YXVGw\">facebook.com<\/a><\/p>\n","protected":false},"excerpt":{"rendered":"<p>O grupo musical Ambiente Criollo apresenta o projeto \u201cPatrim\u00f4nio: Mulheres compositoras na hist\u00f3ria da m\u00fasica crioula\u201d, que faz parte da celebra\u00e7\u00e3o do bicenten\u00e1rio da independ\u00eancia do Peru este ano. Esta \u00e9 uma homenagem e reconhecimento \u00e0 importante trajet\u00f3ria e contribui\u00e7\u00e3o musical de cinco grandes compositores peruanos de m\u00fasica crioula, como Chabuca Granda, Rosa Mercedes Ayarza, [&hellip;]<\/p>\n","protected":false},"author":1,"featured_media":9413,"comment_status":"closed","ping_status":"closed","sticky":false,"template":"","format":"standard","meta":{"footnotes":""},"categories":[218],"tags":[],"class_list":["post-9415","post","type-post","status-publish","format-standard","has-post-thumbnail","hentry","category-noticias-generales-pt"],"lang":"pt","translations":{"pt":9415,"es":9412},"pll_sync_post":[],"post_mailing_queue_ids":[],"_links":{"self":[{"href":"http:\/\/staging.ibermusicas.org\/index.php\/wp-json\/wp\/v2\/posts\/9415","targetHints":{"allow":["GET"]}}],"collection":[{"href":"http:\/\/staging.ibermusicas.org\/index.php\/wp-json\/wp\/v2\/posts"}],"about":[{"href":"http:\/\/staging.ibermusicas.org\/index.php\/wp-json\/wp\/v2\/types\/post"}],"author":[{"embeddable":true,"href":"http:\/\/staging.ibermusicas.org\/index.php\/wp-json\/wp\/v2\/users\/1"}],"replies":[{"embeddable":true,"href":"http:\/\/staging.ibermusicas.org\/index.php\/wp-json\/wp\/v2\/comments?post=9415"}],"version-history":[{"count":1,"href":"http:\/\/staging.ibermusicas.org\/index.php\/wp-json\/wp\/v2\/posts\/9415\/revisions"}],"predecessor-version":[{"id":9416,"href":"http:\/\/staging.ibermusicas.org\/index.php\/wp-json\/wp\/v2\/posts\/9415\/revisions\/9416"}],"wp:featuredmedia":[{"embeddable":true,"href":"http:\/\/staging.ibermusicas.org\/index.php\/wp-json\/wp\/v2\/media\/9413"}],"wp:attachment":[{"href":"http:\/\/staging.ibermusicas.org\/index.php\/wp-json\/wp\/v2\/media?parent=9415"}],"wp:term":[{"taxonomy":"category","embeddable":true,"href":"http:\/\/staging.ibermusicas.org\/index.php\/wp-json\/wp\/v2\/categories?post=9415"},{"taxonomy":"post_tag","embeddable":true,"href":"http:\/\/staging.ibermusicas.org\/index.php\/wp-json\/wp\/v2\/tags?post=9415"}],"curies":[{"name":"wp","href":"https:\/\/api.w.org\/{rel}","templated":true}]}}