{"id":9417,"date":"2021-08-02T18:45:57","date_gmt":"2021-08-02T18:45:57","guid":{"rendered":"http:\/\/staging.ibermusicas.org\/?p=9417"},"modified":"2021-09-01T17:16:27","modified_gmt":"2021-09-01T17:16:27","slug":"el-compositor-ecuatoriano-jaime-gonzalo-fernandez-lima-zongo-continua-su-residencia-imersao-latina-2021-en-belo-horizonte-brasil","status":"publish","type":"post","link":"http:\/\/staging.ibermusicas.org\/index.php\/el-compositor-ecuatoriano-jaime-gonzalo-fernandez-lima-zongo-continua-su-residencia-imersao-latina-2021-en-belo-horizonte-brasil\/","title":{"rendered":"El compositor ecuatoriano Jaime Gonzalo Fern\u00e1ndez Lima (Zongo) contin\u00faa su Residencia Imers\u00e3o Latina 2021 en Belo Horizonte, Brasil"},"content":{"rendered":"<p>El artista Jaime Gonzalo Fern\u00e1ndez Lima (Zongo), m\u00fasico y compositor ecuatoriano residente en Gal\u00e1pagos es el invitado del Instituto Imers\u00e3o Latina de Brasil para una Residencia Musical que se dar\u00e1 de manera virtual en los meses de julio y agosto de 2021. Se trata de un intercambio virtual de ritmos ecuatorianos y brasile\u00f1os para producci\u00f3n y formaci\u00f3n musical.<\/p>\n<p>La tem\u00e1tica abarca una investigaci\u00f3n de las relaciones musicales contempor\u00e1neas (conscientes e inconscientes) entre Brasil y Ecuador. Se realizar\u00e1 la grabaci\u00f3n, mezcla y mastering de dos temas musicales junto con clases, charlas, conversatorios y talleres.<\/p>\n<p>Ser\u00e1n parte de esta residencia, por Ecuador: Zongo y el productor audiovisual Carlos Gavela y por Brasil: Brenda Marques Pena (compositora y productora), Wender Patrick Santos Mar\u00e7al (m\u00fasico y educador musical), Nelson Rodrigues Pombo Jr. (m\u00fasico y educador musical) y Rita Efig\u00eania Silva (cantante y educadora musical).<\/p>\n<p>Parte de las grabaciones se realizar\u00e1n en el estudio escuela del Centro Cultural Flor do Cascalho, en Morro das Pedras, en Belo Horizonte, y otras en Gal\u00e1pagos. Se realizar\u00e1 un video registro documental del proceso de producci\u00f3n, talleres virtuales y un lanzamiento en vivo documental del proyecto, que ser\u00e1 presentado en el mes de agosto como difusi\u00f3n de esta experiencia y se compartir\u00e1 por las plataformas de Imers\u00e3o Latina.<\/p>\n<p>Lanzamiento: s\u00e1bado 14 de agosto<br \/>\nPlataformas:<\/p>\n<p><a href=\"https:\/\/lt.mydplr.com\/6b4920ec2f0e29c4a33caa429ac1d5a3-81868bec073b3970fa62af291f12b42d\" target=\"_blank\" rel=\"noopener\" data-saferedirecturl=\"https:\/\/www.google.com\/url?q=https:\/\/lt.mydplr.com\/6b4920ec2f0e29c4a33caa429ac1d5a3-81868bec073b3970fa62af291f12b42d&amp;source=gmail&amp;ust=1628009641197000&amp;usg=AFQjCNGpy5U-XxdWjNO06WwJU0CwxncLLA\">youtube.com<\/a><br \/>\n<a href=\"https:\/\/lt.mydplr.com\/4c0f458434ebcbe35ff283807603d14b-81868bec073b3970fa62af291f12b42d\" target=\"_blank\" rel=\"noopener\" data-saferedirecturl=\"https:\/\/www.google.com\/url?q=https:\/\/lt.mydplr.com\/4c0f458434ebcbe35ff283807603d14b-81868bec073b3970fa62af291f12b42d&amp;source=gmail&amp;ust=1628009641197000&amp;usg=AFQjCNEyiQzRYY72g87yCtamQgQfvGmF4g\">instagram.com<\/a><br \/>\n<a href=\"https:\/\/lt.mydplr.com\/c2d3560b42a29d73b535632f4955311f-81868bec073b3970fa62af291f12b42d\" target=\"_blank\" rel=\"noopener\" data-saferedirecturl=\"https:\/\/www.google.com\/url?q=https:\/\/lt.mydplr.com\/c2d3560b42a29d73b535632f4955311f-81868bec073b3970fa62af291f12b42d&amp;source=gmail&amp;ust=1628009641197000&amp;usg=AFQjCNG_ngXXWmRBlwKEKQjRouJM67kBfw\">facebook.com<\/a><\/p>\n","protected":false},"excerpt":{"rendered":"<p>El artista Jaime Gonzalo Fern\u00e1ndez Lima (Zongo), m\u00fasico y compositor ecuatoriano residente en Gal\u00e1pagos es el invitado del Instituto Imers\u00e3o Latina de Brasil para una Residencia Musical que se dar\u00e1 de manera virtual en los meses de julio y agosto de 2021. Se trata de un intercambio virtual de ritmos ecuatorianos y brasile\u00f1os para producci\u00f3n [&hellip;]<\/p>\n","protected":false},"author":1,"featured_media":9418,"comment_status":"closed","ping_status":"closed","sticky":false,"template":"","format":"standard","meta":{"footnotes":""},"categories":[53],"tags":[],"class_list":["post-9417","post","type-post","status-publish","format-standard","has-post-thumbnail","hentry","category-noticias-generales"],"lang":"es","translations":{"es":9417,"pt":9420},"pll_sync_post":[],"post_mailing_queue_ids":[],"_links":{"self":[{"href":"http:\/\/staging.ibermusicas.org\/index.php\/wp-json\/wp\/v2\/posts\/9417","targetHints":{"allow":["GET"]}}],"collection":[{"href":"http:\/\/staging.ibermusicas.org\/index.php\/wp-json\/wp\/v2\/posts"}],"about":[{"href":"http:\/\/staging.ibermusicas.org\/index.php\/wp-json\/wp\/v2\/types\/post"}],"author":[{"embeddable":true,"href":"http:\/\/staging.ibermusicas.org\/index.php\/wp-json\/wp\/v2\/users\/1"}],"replies":[{"embeddable":true,"href":"http:\/\/staging.ibermusicas.org\/index.php\/wp-json\/wp\/v2\/comments?post=9417"}],"version-history":[{"count":1,"href":"http:\/\/staging.ibermusicas.org\/index.php\/wp-json\/wp\/v2\/posts\/9417\/revisions"}],"predecessor-version":[{"id":9419,"href":"http:\/\/staging.ibermusicas.org\/index.php\/wp-json\/wp\/v2\/posts\/9417\/revisions\/9419"}],"wp:featuredmedia":[{"embeddable":true,"href":"http:\/\/staging.ibermusicas.org\/index.php\/wp-json\/wp\/v2\/media\/9418"}],"wp:attachment":[{"href":"http:\/\/staging.ibermusicas.org\/index.php\/wp-json\/wp\/v2\/media?parent=9417"}],"wp:term":[{"taxonomy":"category","embeddable":true,"href":"http:\/\/staging.ibermusicas.org\/index.php\/wp-json\/wp\/v2\/categories?post=9417"},{"taxonomy":"post_tag","embeddable":true,"href":"http:\/\/staging.ibermusicas.org\/index.php\/wp-json\/wp\/v2\/tags?post=9417"}],"curies":[{"name":"wp","href":"https:\/\/api.w.org\/{rel}","templated":true}]}}