{"id":9420,"date":"2021-08-02T18:49:17","date_gmt":"2021-08-02T18:49:17","guid":{"rendered":"http:\/\/staging.ibermusicas.org\/?p=9420"},"modified":"2021-09-01T17:19:09","modified_gmt":"2021-09-01T17:19:09","slug":"residencia-imersao-latina-2021-continua-com-sua-residencia-imersao-latina-2021-em-belo-horizonte-brasil","status":"publish","type":"post","link":"http:\/\/staging.ibermusicas.org\/index.php\/residencia-imersao-latina-2021-continua-com-sua-residencia-imersao-latina-2021-em-belo-horizonte-brasil\/","title":{"rendered":"Resid\u00eancia Imers\u00e3o Latina 2021 continua com sua Residencia Imers\u00e3o Latina 2021 em Belo Horizonte, Brasil"},"content":{"rendered":"<p>O artista Jaime Gonzalo Fern\u00e1ndez Lima (Zongo), m\u00fasico e compositor equatoriano residente em Gal\u00e1pagos, \u00e9 o convidado do Instituto Imers\u00e3o Latina do Brasil, para uma Resid\u00eancia Musical que se dar\u00e1 de maneira virtual nos meses de julho e agosto de 2021. Trata-se de um interc\u00e2mbio virtual de ritmos equatorianos e brasileiros para produ\u00e7\u00e3o e forma\u00e7\u00e3o musical.<\/p>\n<p>O tema inclui uma investiga\u00e7\u00e3o das rela\u00e7\u00f5es musicais contempor\u00e2neas (conscientes e inconscientes) entre o Brasil e o Equador. A grava\u00e7\u00e3o, mixagem e masteriza\u00e7\u00e3o de dois temas musicais ser\u00e3o realizadas juntamente com aulas, palestras, oficinas e workshops.<\/p>\n<p>Far\u00e3o parte desta resid\u00eancia, pelo Equador: Zongo e produtor audiovisual Carlos Gavela e pelo Brasil: Brenda Marques Pena (compositora e produtora), Wender Patrick Santos Mar\u00e7al (m\u00fasico e educador musical), Nelson Rodrigues Pombo Jr. (m\u00fasico e m\u00fasico educadora)) e Rita Efig\u00eania Silva (cantora e educadora musical).<\/p>\n<p>Parte das grava\u00e7\u00f5es ser\u00e3o realizadas no est\u00fadio-escola do Centro Cultural Flor do Cascalho, em Morro das Pedras, em Belo Horizonte, e outras em Gal\u00e1pagos. Ser\u00e1 realizado um v\u00eddeo registro documental do processo de produ\u00e7\u00e3o, oficinas virtuais e um lan\u00e7amento ao vivo document\u00e1rio do projeto, que ser\u00e1 apresentado no m\u00eas de agosto como difus\u00e3o desta experi\u00eancia e ser\u00e1 compartilhado pelas plataformas da Imers\u00e3o Latina.<\/p>\n<p>Lan\u00e7amento: s\u00e1bado 14 de agosto<\/p>\n<p><a href=\"https:\/\/lt.mydplr.com\/6b4920ec2f0e29c4a33caa429ac1d5a3-81868bec073b3970fa62af291f12b42d\" target=\"_blank\" rel=\"noopener\" data-saferedirecturl=\"https:\/\/www.google.com\/url?q=https:\/\/lt.mydplr.com\/6b4920ec2f0e29c4a33caa429ac1d5a3-81868bec073b3970fa62af291f12b42d&amp;source=gmail&amp;ust=1628009641197000&amp;usg=AFQjCNGpy5U-XxdWjNO06WwJU0CwxncLLA\">youtube.com<\/a><br \/>\n<a href=\"https:\/\/lt.mydplr.com\/4c0f458434ebcbe35ff283807603d14b-81868bec073b3970fa62af291f12b42d\" target=\"_blank\" rel=\"noopener\" data-saferedirecturl=\"https:\/\/www.google.com\/url?q=https:\/\/lt.mydplr.com\/4c0f458434ebcbe35ff283807603d14b-81868bec073b3970fa62af291f12b42d&amp;source=gmail&amp;ust=1628009641197000&amp;usg=AFQjCNEyiQzRYY72g87yCtamQgQfvGmF4g\">instagram.com<\/a><br \/>\n<a href=\"https:\/\/lt.mydplr.com\/c2d3560b42a29d73b535632f4955311f-81868bec073b3970fa62af291f12b42d\" target=\"_blank\" rel=\"noopener\" data-saferedirecturl=\"https:\/\/www.google.com\/url?q=https:\/\/lt.mydplr.com\/c2d3560b42a29d73b535632f4955311f-81868bec073b3970fa62af291f12b42d&amp;source=gmail&amp;ust=1628009641197000&amp;usg=AFQjCNG_ngXXWmRBlwKEKQjRouJM67kBfw\">facebook.com<\/a><\/p>\n","protected":false},"excerpt":{"rendered":"<p>O artista Jaime Gonzalo Fern\u00e1ndez Lima (Zongo), m\u00fasico e compositor equatoriano residente em Gal\u00e1pagos, \u00e9 o convidado do Instituto Imers\u00e3o Latina do Brasil, para uma Resid\u00eancia Musical que se dar\u00e1 de maneira virtual nos meses de julho e agosto de 2021. Trata-se de um interc\u00e2mbio virtual de ritmos equatorianos e brasileiros para produ\u00e7\u00e3o e forma\u00e7\u00e3o [&hellip;]<\/p>\n","protected":false},"author":1,"featured_media":9418,"comment_status":"closed","ping_status":"closed","sticky":false,"template":"","format":"standard","meta":{"footnotes":""},"categories":[218],"tags":[],"class_list":["post-9420","post","type-post","status-publish","format-standard","has-post-thumbnail","hentry","category-noticias-generales-pt"],"lang":"pt","translations":{"pt":9420,"es":9417},"pll_sync_post":[],"post_mailing_queue_ids":[],"_links":{"self":[{"href":"http:\/\/staging.ibermusicas.org\/index.php\/wp-json\/wp\/v2\/posts\/9420","targetHints":{"allow":["GET"]}}],"collection":[{"href":"http:\/\/staging.ibermusicas.org\/index.php\/wp-json\/wp\/v2\/posts"}],"about":[{"href":"http:\/\/staging.ibermusicas.org\/index.php\/wp-json\/wp\/v2\/types\/post"}],"author":[{"embeddable":true,"href":"http:\/\/staging.ibermusicas.org\/index.php\/wp-json\/wp\/v2\/users\/1"}],"replies":[{"embeddable":true,"href":"http:\/\/staging.ibermusicas.org\/index.php\/wp-json\/wp\/v2\/comments?post=9420"}],"version-history":[{"count":1,"href":"http:\/\/staging.ibermusicas.org\/index.php\/wp-json\/wp\/v2\/posts\/9420\/revisions"}],"predecessor-version":[{"id":9421,"href":"http:\/\/staging.ibermusicas.org\/index.php\/wp-json\/wp\/v2\/posts\/9420\/revisions\/9421"}],"wp:featuredmedia":[{"embeddable":true,"href":"http:\/\/staging.ibermusicas.org\/index.php\/wp-json\/wp\/v2\/media\/9418"}],"wp:attachment":[{"href":"http:\/\/staging.ibermusicas.org\/index.php\/wp-json\/wp\/v2\/media?parent=9420"}],"wp:term":[{"taxonomy":"category","embeddable":true,"href":"http:\/\/staging.ibermusicas.org\/index.php\/wp-json\/wp\/v2\/categories?post=9420"},{"taxonomy":"post_tag","embeddable":true,"href":"http:\/\/staging.ibermusicas.org\/index.php\/wp-json\/wp\/v2\/tags?post=9420"}],"curies":[{"name":"wp","href":"https:\/\/api.w.org\/{rel}","templated":true}]}}