{"id":9422,"date":"2021-08-02T18:52:37","date_gmt":"2021-08-02T18:52:37","guid":{"rendered":"http:\/\/staging.ibermusicas.org\/?p=9422"},"modified":"2021-09-01T17:53:29","modified_gmt":"2021-09-01T17:53:29","slug":"el-cuarteto-de-guitarras-de-costa-rica-realizara-conciertos-en-dos-prestigiosos-festivales-de-espana-dedicados-a-la-guitarra","status":"publish","type":"post","link":"http:\/\/staging.ibermusicas.org\/index.php\/el-cuarteto-de-guitarras-de-costa-rica-realizara-conciertos-en-dos-prestigiosos-festivales-de-espana-dedicados-a-la-guitarra\/","title":{"rendered":"El cuarteto de guitarras de Costa Rica realizar\u00e1 conciertos en dos prestigiosos festivales de Espa\u00f1a dedicados a la guitarra"},"content":{"rendered":"<p>Arrecife Urbano es la m\u00e1s reciente propuesta del Cuarteto de Guitarras de Costa Rica.<\/p>\n<p>De la mano de la m\u00fasica de compositores de la talla de Sergio Assad, Eduardo Mart\u00edn, Carlos Rafael Rivera, entre otros, el repertorio de este espect\u00e1culo condensa las sonoridades y claves r\u00edtmicas que siempre han acompa\u00f1ado y definido la m\u00fasica latinoamericana, junto con quehaceres y pr\u00e1cticas contempor\u00e1neas. El resultado es un encuentro \u00fanico entre tradici\u00f3n y modernidad.<\/p>\n<p>Integrado por Nicol\u00e1s Alvarado, Manuel Dur\u00e1n, Julio Monge y Edmundo N\u00fa\u00f1ez, el Cuarteto de Guitarras de Costa Rica se ha distinguido como uno de los grupos de c\u00e1mara m\u00e1s activos de su pa\u00eds, adem\u00e1s de haber realizado diversas participaciones en escenarios de Nicaragua, Panam\u00e1, M\u00e9xico, Estados Unidos, Holanda, B\u00e9lgica, Luxemburgo, Francia y el Reino Unido.<\/p>\n<p>El Cuarteto de Guitarras de Costa Rica se ha preocupado por realizar un trabajo serio y novedoso dentro del campo de la m\u00fasica de c\u00e1mara, as\u00ed como por incentivar la creaci\u00f3n y divulgaci\u00f3n de la m\u00fasica costarricense. Siguiendo esto, su repertorio est\u00e1 conformado por obras compuestas originalmente para este tipo de formato, as\u00ed como adaptaciones y arreglos de obras del repertorio universal de diversos per\u00edodos, tanto del \u00e1mbito acad\u00e9mico como del tradicional o popular, aprovechando los recursos y versatilidad propios de la guitarra.<\/p>\n<p>Mi\u00e9rcoles 4 de agosto 21:30, Festival Internacional de la Guitarra de Granada (5ta edici\u00f3n), Teatro Centro Cultural Federico Garc\u00eda Lorca, Granada, Espa\u00f1a.<br \/>\nS\u00e1bado 14 de agosto 22:30, Garrigues Guitar Festival 2021, Castillo de la Espluga Calba, Garrigues, Lleida, Espa\u00f1a.<\/p>\n","protected":false},"excerpt":{"rendered":"<p>Arrecife Urbano es la m\u00e1s reciente propuesta del Cuarteto de Guitarras de Costa Rica. De la mano de la m\u00fasica de compositores de la talla de Sergio Assad, Eduardo Mart\u00edn, Carlos Rafael Rivera, entre otros, el repertorio de este espect\u00e1culo condensa las sonoridades y claves r\u00edtmicas que siempre han acompa\u00f1ado y definido la m\u00fasica latinoamericana, [&hellip;]<\/p>\n","protected":false},"author":1,"featured_media":9423,"comment_status":"closed","ping_status":"closed","sticky":false,"template":"","format":"standard","meta":{"footnotes":""},"categories":[53],"tags":[],"class_list":["post-9422","post","type-post","status-publish","format-standard","has-post-thumbnail","hentry","category-noticias-generales"],"lang":"es","translations":{"es":9422,"pt":9425},"pll_sync_post":[],"post_mailing_queue_ids":[],"_links":{"self":[{"href":"http:\/\/staging.ibermusicas.org\/index.php\/wp-json\/wp\/v2\/posts\/9422","targetHints":{"allow":["GET"]}}],"collection":[{"href":"http:\/\/staging.ibermusicas.org\/index.php\/wp-json\/wp\/v2\/posts"}],"about":[{"href":"http:\/\/staging.ibermusicas.org\/index.php\/wp-json\/wp\/v2\/types\/post"}],"author":[{"embeddable":true,"href":"http:\/\/staging.ibermusicas.org\/index.php\/wp-json\/wp\/v2\/users\/1"}],"replies":[{"embeddable":true,"href":"http:\/\/staging.ibermusicas.org\/index.php\/wp-json\/wp\/v2\/comments?post=9422"}],"version-history":[{"count":1,"href":"http:\/\/staging.ibermusicas.org\/index.php\/wp-json\/wp\/v2\/posts\/9422\/revisions"}],"predecessor-version":[{"id":9424,"href":"http:\/\/staging.ibermusicas.org\/index.php\/wp-json\/wp\/v2\/posts\/9422\/revisions\/9424"}],"wp:featuredmedia":[{"embeddable":true,"href":"http:\/\/staging.ibermusicas.org\/index.php\/wp-json\/wp\/v2\/media\/9423"}],"wp:attachment":[{"href":"http:\/\/staging.ibermusicas.org\/index.php\/wp-json\/wp\/v2\/media?parent=9422"}],"wp:term":[{"taxonomy":"category","embeddable":true,"href":"http:\/\/staging.ibermusicas.org\/index.php\/wp-json\/wp\/v2\/categories?post=9422"},{"taxonomy":"post_tag","embeddable":true,"href":"http:\/\/staging.ibermusicas.org\/index.php\/wp-json\/wp\/v2\/tags?post=9422"}],"curies":[{"name":"wp","href":"https:\/\/api.w.org\/{rel}","templated":true}]}}