{"id":9425,"date":"2021-08-02T18:54:36","date_gmt":"2021-08-02T18:54:36","guid":{"rendered":"http:\/\/staging.ibermusicas.org\/?p=9425"},"modified":"2021-09-01T17:19:01","modified_gmt":"2021-09-01T17:19:01","slug":"o-quarteto-de-violoes-da-costa-rica-fara-concertos-em-dois-prestigiosos-festivais-de-violao-espanhois","status":"publish","type":"post","link":"http:\/\/staging.ibermusicas.org\/index.php\/o-quarteto-de-violoes-da-costa-rica-fara-concertos-em-dois-prestigiosos-festivais-de-violao-espanhois\/","title":{"rendered":"O quarteto de viol\u00f5es da Costa Rica far\u00e1 concertos em dois prestigiosos festivais de viol\u00e3o espanh\u00f3is"},"content":{"rendered":"<p>Arrecife Urbano \u00e9 a mais recente proposta do Quarteto de Viol\u00f5es da Costa Rica.<\/p>\n<p>De m\u00e3os dadas com a m\u00fasica de compositores da estatura de Sergio Assad, Eduardo Mart\u00edn, Carlos Rafael Rivera, entre outros, o repert\u00f3rio deste espet\u00e1culo condensa as sonoridades e as tonalidades r\u00edtmicas que sempre acompanharam e definiram a m\u00fasica latino-americana, a par de trabalhos e pr\u00e1ticas contempor\u00e2neas. O resultado \u00e9 um encontro \u00fanico entre tradi\u00e7\u00e3o e modernidade.<\/p>\n<p>Composto por Nicol\u00e1s Alvarado, Manuel Dur\u00e1n, Julio Monge e Edmundo N\u00fa\u00f1ez, o Quarteto de Viol\u00f5es da Costa Rica tem se destacado como um dos grupos de c\u00e2mara mais ativos de seu pa\u00eds, al\u00e9m de ter feito v\u00e1rias apresenta\u00e7\u00f5es em palcos na Nicar\u00e1gua, Panam\u00e1, M\u00e9xico, Estados Unidos, Holanda, B\u00e9lgica, Luxemburgo, Fran\u00e7a e Reino Unido.<\/p>\n<p>O Quarteto de Viol\u00f5es da Costa Rica tem se preocupado em realizar um trabalho s\u00e9rio e inovador no campo da m\u00fasica de c\u00e2mara, bem como incentivar a cria\u00e7\u00e3o e divulga\u00e7\u00e3o da m\u00fasica costa-riquenha. Seu repert\u00f3rio \u00e9 composto por obras originalmente compostas para este tipo de formato, bem como adapta\u00e7\u00f5es e arranjos de obras do repert\u00f3rio universal de v\u00e1rias \u00e9pocas, tanto do \u00e2mbito acad\u00eamico como tradicional ou popular, aproveitando os recursos e versatilidade da guitarra.<\/p>\n<p>Quarta-feira, 4 de agosto, 21h30, Festival Internacional de Guitarra de Granada (5\u00aa edi\u00e7\u00e3o), Teatro do Centro Cultural Federico Garc\u00eda Lorca, Granada, Espanha.<\/p>\n<p>S\u00e1bado, 14 de agosto, \u00e0s 22h30, Festival de Guitarra de Garrigues 2021, Castillo de la Espluga Calba, Garrigues, Lleida, Espanha.<\/p>\n","protected":false},"excerpt":{"rendered":"<p>Arrecife Urbano \u00e9 a mais recente proposta do Quarteto de Viol\u00f5es da Costa Rica. De m\u00e3os dadas com a m\u00fasica de compositores da estatura de Sergio Assad, Eduardo Mart\u00edn, Carlos Rafael Rivera, entre outros, o repert\u00f3rio deste espet\u00e1culo condensa as sonoridades e as tonalidades r\u00edtmicas que sempre acompanharam e definiram a m\u00fasica latino-americana, a par [&hellip;]<\/p>\n","protected":false},"author":1,"featured_media":9423,"comment_status":"closed","ping_status":"closed","sticky":false,"template":"","format":"standard","meta":{"footnotes":""},"categories":[218],"tags":[],"class_list":["post-9425","post","type-post","status-publish","format-standard","has-post-thumbnail","hentry","category-noticias-generales-pt"],"lang":"pt","translations":{"pt":9425,"es":9422},"pll_sync_post":[],"post_mailing_queue_ids":[],"_links":{"self":[{"href":"http:\/\/staging.ibermusicas.org\/index.php\/wp-json\/wp\/v2\/posts\/9425","targetHints":{"allow":["GET"]}}],"collection":[{"href":"http:\/\/staging.ibermusicas.org\/index.php\/wp-json\/wp\/v2\/posts"}],"about":[{"href":"http:\/\/staging.ibermusicas.org\/index.php\/wp-json\/wp\/v2\/types\/post"}],"author":[{"embeddable":true,"href":"http:\/\/staging.ibermusicas.org\/index.php\/wp-json\/wp\/v2\/users\/1"}],"replies":[{"embeddable":true,"href":"http:\/\/staging.ibermusicas.org\/index.php\/wp-json\/wp\/v2\/comments?post=9425"}],"version-history":[{"count":1,"href":"http:\/\/staging.ibermusicas.org\/index.php\/wp-json\/wp\/v2\/posts\/9425\/revisions"}],"predecessor-version":[{"id":9426,"href":"http:\/\/staging.ibermusicas.org\/index.php\/wp-json\/wp\/v2\/posts\/9425\/revisions\/9426"}],"wp:featuredmedia":[{"embeddable":true,"href":"http:\/\/staging.ibermusicas.org\/index.php\/wp-json\/wp\/v2\/media\/9423"}],"wp:attachment":[{"href":"http:\/\/staging.ibermusicas.org\/index.php\/wp-json\/wp\/v2\/media?parent=9425"}],"wp:term":[{"taxonomy":"category","embeddable":true,"href":"http:\/\/staging.ibermusicas.org\/index.php\/wp-json\/wp\/v2\/categories?post=9425"},{"taxonomy":"post_tag","embeddable":true,"href":"http:\/\/staging.ibermusicas.org\/index.php\/wp-json\/wp\/v2\/tags?post=9425"}],"curies":[{"name":"wp","href":"https:\/\/api.w.org\/{rel}","templated":true}]}}