{"id":9427,"date":"2021-08-03T16:41:18","date_gmt":"2021-08-03T16:41:18","guid":{"rendered":"http:\/\/staging.ibermusicas.org\/?p=9427"},"modified":"2021-09-01T17:16:21","modified_gmt":"2021-09-01T17:16:21","slug":"lanzamiento-formacion-para-la-transformacion-2021-mmf-latam-en-su-version-2021","status":"publish","type":"post","link":"http:\/\/staging.ibermusicas.org\/index.php\/lanzamiento-formacion-para-la-transformacion-2021-mmf-latam-en-su-version-2021\/","title":{"rendered":"Lanzamiento \u00abFormaci\u00f3n para la transformaci\u00f3n 2021\u00bb &#8211; MMF LATAM en su versi\u00f3n 2021"},"content":{"rendered":"<p>El plan de acci\u00f3n \u00abFormaci\u00f3n para la Transformaci\u00f3n\u00bb, impulsado por la Asociaci\u00f3n Latinoamericana de Managers Musicales tendr\u00e1 su segunda edici\u00f3n a partir del mes de agosto de 2021.<\/p>\n<p>Este proyecto que fue lanzado en 2020 como resultante del contexto de confinamiento mundial producido por la pandemia del COVID 19, tuvo una duraci\u00f3n de 13 sesiones abiertas a lo largo de 4 meses donde participaron los m\u00e1s destacados y destacadas referentes de la industria musical independiente mundial y con una asistencia de m\u00e1s de 2000 personas del sector musical y cultural en general de 20 pa\u00edses de Latinoam\u00e9rica, Europa y Norteam\u00e9rica, convirti\u00e9ndose en <strong><em>tendencia<\/em> <\/strong>entre las actividades que la escena musical de Latam produjo en un a\u00f1o inolvidable para el sector.<\/p>\n<p>En esta segunda edici\u00f3n el proyecto se conforma de conferencias abiertas, mensuales y por primera vez de sesiones de formaci\u00f3n espec\u00edficas que tendr\u00e1n una duraci\u00f3n de 4 meses y ser\u00e1n de car\u00e1cter cerrado con inscripci\u00f3n previa con costos m\u00e1s que accesibles.<\/p>\n<p>Los ejes tem\u00e1ticos que se abordar\u00e1n en las sesiones formativas son, \u201cManagement y Futuro\u201d, \u201cLa circulaci\u00f3n de la m\u00fasica en la actualidad\u201d, \u201cEl mundo editorial y las sincronizaciones\u201d, <strong>\u201c<\/strong>Criptomonedas, Contratos inteligentes y NFTS\u201d, \u201cComunidades en l\u00ednea y mercado digital\u201d, \u201cProcesos Asociativos y Gremialismo en la m\u00fasica\u201d.<\/p>\n<p>Formaci\u00f3n para la Transformaci\u00f3n 2021 comienza el <strong>pr\u00f3ximo 7 de agosto Hs. 2 pm Colombia\/M\u00e9xico | 3 pm Chile | 4 pm Argentina, Brasil, Uruguay,<\/strong> <strong>\u00a0<\/strong>con una Sesi\u00f3n Inaugural de Acceso Libre y Gratuito que llevar\u00e1 como eje tem\u00e1tico ni m\u00e1s ni menos que el \u201cMANAGEMENT Y FUTURO\u201d .<\/p>\n<p><strong>Participar\u00e1n desde Brasil\u00a0 \u201cEvandro Fioti\u201d, productor musical y manager de Emicida, \u201cSilvia Guevara\u201d, manager de la artista dominicana Rita India y la mexicana \u201cQueta Calder\u00f3n\u201d manager de Natalia Lafourcade y Pante\u00f3n Rococ\u00f3. <\/strong><\/p>\n<p>Luego de la sesi\u00f3n inaugural estar\u00e1n abiertas las inscripciones para las Sesiones de formaci\u00f3n que son cinco,\u00a0 las mismas ser\u00e1n entre agosto y noviembre, y se realizan desde la web de la MMF LATAM, <a href=\"http:\/\/www.mmf.la\">www.mmf.la<\/a>\u00a0 Las Sesiones llevan un costo promocional para todas las personas del sector musical y cultural en general que deseen acceder, se podr\u00e1 elegir sesiones individuales o combos, seg\u00fan el inter\u00e9s.<\/p>\n<p><strong><u>Sobre Formaci\u00f3n para la transformaci\u00f3n:<\/u><\/strong><\/p>\n<p>Este proyecto que fue lanzado en 2020 como resultante del contexto de confinamiento mundial producido por la pandemia del COVID 19, tuvo una duraci\u00f3n de 13 sesiones abiertas a lo largo de 4 meses donde participaron los m\u00e1s destacados y destacadas referentes de la industria musical independiente mundial y con una asistencia de m\u00e1s de 2000 personas del sector musical y cultural en general de 20 pa\u00edses de Latinoam\u00e9rica, Europa y Norteam\u00e9rica, convirti\u00e9ndose en <strong><em>tendencia<\/em> <\/strong>entre las actividades que la escena musical de Latam produjo en un a\u00f1o inolvidable para el sector. Las tem\u00e1ticas abordadas abarcan desde los desaf\u00edos de las agencias independientes, las pol\u00edticas p\u00fablicas con las que cuenta el sector en iberoam\u00e9rica, visiones, estrategias y alianzas en el escenario actual musical y lo que sigue, formatos de equipo de trabajo, producci\u00f3n musical independiente, temas de derechos y recaudos, entre otros.<\/p>\n<p><u>Sobre la MMF LATAM, Asociaci\u00f3n Latinoamericana de Managers Musicales<\/u><\/p>\n<p><strong>MMF LATAM<\/strong> es la primera Asociaci\u00f3n Civil sin fines de lucro, fundada en el a\u00f1o 2014 que re\u00fane managers y agentes musicales de Latinoam\u00e9rica. Se crea en la ciudad de Medell\u00edn en el marco de la feria internacional de la m\u00fasica, Circulart, con representantes fundacionales de 12 pa\u00edses. Su sede administrativa se encuentra en Colombia.<\/p>\n<p>Funciona como una red profesional internacional que lleva como principal objetivo representar los intereses colectivos de los managers y agentes musicales y sus artistas en Am\u00e9rica Latina.<\/p>\n<p>Hoy se compone por miembros de m\u00e1s de 15 pa\u00edses de latinoam\u00e9rica y forma parte de la <strong>IMMF (International Music Management Forum)<\/strong>.<\/p>\n","protected":false},"excerpt":{"rendered":"<p>El plan de acci\u00f3n \u00abFormaci\u00f3n para la Transformaci\u00f3n\u00bb, impulsado por la Asociaci\u00f3n Latinoamericana de Managers Musicales tendr\u00e1 su segunda edici\u00f3n a partir del mes de agosto de 2021. Este proyecto que fue lanzado en 2020 como resultante del contexto de confinamiento mundial producido por la pandemia del COVID 19, tuvo una duraci\u00f3n de 13 sesiones [&hellip;]<\/p>\n","protected":false},"author":1,"featured_media":9428,"comment_status":"closed","ping_status":"closed","sticky":false,"template":"","format":"standard","meta":{"footnotes":""},"categories":[53],"tags":[],"class_list":["post-9427","post","type-post","status-publish","format-standard","has-post-thumbnail","hentry","category-noticias-generales"],"lang":"es","translations":{"es":9427,"pt":9430},"pll_sync_post":[],"post_mailing_queue_ids":[],"_links":{"self":[{"href":"http:\/\/staging.ibermusicas.org\/index.php\/wp-json\/wp\/v2\/posts\/9427","targetHints":{"allow":["GET"]}}],"collection":[{"href":"http:\/\/staging.ibermusicas.org\/index.php\/wp-json\/wp\/v2\/posts"}],"about":[{"href":"http:\/\/staging.ibermusicas.org\/index.php\/wp-json\/wp\/v2\/types\/post"}],"author":[{"embeddable":true,"href":"http:\/\/staging.ibermusicas.org\/index.php\/wp-json\/wp\/v2\/users\/1"}],"replies":[{"embeddable":true,"href":"http:\/\/staging.ibermusicas.org\/index.php\/wp-json\/wp\/v2\/comments?post=9427"}],"version-history":[{"count":1,"href":"http:\/\/staging.ibermusicas.org\/index.php\/wp-json\/wp\/v2\/posts\/9427\/revisions"}],"predecessor-version":[{"id":9429,"href":"http:\/\/staging.ibermusicas.org\/index.php\/wp-json\/wp\/v2\/posts\/9427\/revisions\/9429"}],"wp:featuredmedia":[{"embeddable":true,"href":"http:\/\/staging.ibermusicas.org\/index.php\/wp-json\/wp\/v2\/media\/9428"}],"wp:attachment":[{"href":"http:\/\/staging.ibermusicas.org\/index.php\/wp-json\/wp\/v2\/media?parent=9427"}],"wp:term":[{"taxonomy":"category","embeddable":true,"href":"http:\/\/staging.ibermusicas.org\/index.php\/wp-json\/wp\/v2\/categories?post=9427"},{"taxonomy":"post_tag","embeddable":true,"href":"http:\/\/staging.ibermusicas.org\/index.php\/wp-json\/wp\/v2\/tags?post=9427"}],"curies":[{"name":"wp","href":"https:\/\/api.w.org\/{rel}","templated":true}]}}