{"id":9430,"date":"2021-08-03T16:50:36","date_gmt":"2021-08-03T16:50:36","guid":{"rendered":"http:\/\/staging.ibermusicas.org\/?p=9430"},"modified":"2021-09-01T17:18:55","modified_gmt":"2021-09-01T17:18:55","slug":"lanzamiento-formacion-para-la-transformacion-2021-mmf-latam-en-su-version-2021-2","status":"publish","type":"post","link":"http:\/\/staging.ibermusicas.org\/index.php\/lanzamiento-formacion-para-la-transformacion-2021-mmf-latam-en-su-version-2021-2\/","title":{"rendered":"LAN\u00c7AMENTO \u00abFORMA\u00c7\u00c3O PARA TRANSFORMA\u00c7\u00c3O 2021\u00bb &#8211; MMF LATAM NA SUA VERS\u00c3O 2021"},"content":{"rendered":"<p>O plano de a\u00e7\u00e3o \u00abForma\u00e7\u00e3o para a Transforma\u00e7\u00e3o\u00bb, promovido pela Associa\u00e7\u00e3o Latino-americana de Managers Musicales, ter\u00e1 sua segunda edi\u00e7\u00e3o a partir do m\u00eas de agosto de 2021.<\/p>\n<p>Este projecto, que foi lan\u00e7ado em 2020 como resultado do contexto de confinamento mundial produzido pela pandemia do COVID 19, teve uma dura\u00e7\u00e3o de 13 sess\u00f5es abertas ao longo de 4 meses onde participaram os mais destacados e destacados referentes da ind\u00fastria musical independente mundial e com uma presen\u00e7a de mais de 2000 pessoas do setor musical e cultural em geral de 20 pa\u00edses de Am\u00e9rica Latina, Europa e Am\u00e9rica do Norte, tornando-se tend\u00eancia entre as atividades que a cena musical de Latam produziu em um ano inesquec\u00edvel para o setor.<\/p>\n<p>Nesta segunda edi\u00e7\u00e3o o projeto consiste em confer\u00eancias abertas mensais e pela primeira vez, de sess\u00f5es de forma\u00e7\u00e3o espec\u00edficas que ter\u00e3o uma dura\u00e7\u00e3o de 4 meses e ser\u00e3o de car\u00e1ter fechado com inscri\u00e7\u00e3o pr\u00e9via com custos mais que acess\u00edveis.<\/p>\n<p>Os eixos tem\u00e1ticos que ser\u00e3o abordados nas sess\u00f5es formativas s\u00e3o: \u00abManagement e Futuro\u00bb, \u00abA circula\u00e7\u00e3o da m\u00fasica na atualidade\u00bb, \u00abO mundo editorial e as sincroniza\u00e7\u00f5es\u00bb, \u00abCriptomonedas, Contratos inteligentes e NFTS\u00bb, \u00abComunidades on-line e mercado digital\u00bb, \u00abProcessos Associativos e Gremialismo na M\u00fasica\u00bb.<\/p>\n<p>Forma\u00e7\u00e3o para a Transforma\u00e7\u00e3o 2021 come\u00e7a no pr\u00f3ximo 7 de agosto Hs. 2 pm Col\u00f4mbia\/M\u00e9xico | 3 pm Chile | 4 pm Argentina, Brasil, Uruguai,\u00a0 com uma sess\u00e3o inaugural de acesso livre e gratuito que levar\u00e1 como eixo tem\u00e1tico nada mais nada menos do que o \u00abMANAGEMENT E FUTURO\u00bb.<\/p>\n<p>Participar\u00e3o do Brasil\u00a0 \u00abEvandro Fioti\u00bb, produtor musical e gerente de Emicida, \u00abSilvia Guevara\u00bb, gerente da artista dominicana Rita India e da mexicana \u00abQueta Calder\u00f3n\u00bb manager de Natalia Lafourcade e Pante\u00e3o Rococ\u00f3.<\/p>\n<p>Depois da sess\u00e3o inaugural estar\u00e3o abertas as inscri\u00e7\u00f5es para as Sess\u00f5es de forma\u00e7\u00e3o que s\u00e3o cinco, as mesmas ser\u00e3o entre agosto e novembro, e se realizam desde o site da MMF LATAM, www.mmf.la.\u00a0 As Sess\u00f5es levam um custo promocional para todas as pessoas do setor musical e cultural em geral que desejem acessar, se poder\u00e1 escolher sess\u00f5es individuais ou combos, segundo o interesse.<\/p>\n<p>Sobre Forma\u00e7\u00e3o para a transforma\u00e7\u00e3o:<\/p>\n<p>Este projecto, que foi lan\u00e7ado em 2020 como resultado do contexto de confinamento mundial produzido pela pandemia do COVID 19, teve uma dura\u00e7\u00e3o de 13 sess\u00f5es abertas ao longo de 4 meses onde participaram os mais destacados e destacados referentes da ind\u00fastria musical independente mundial e com uma presen\u00e7a de mais de 2000 pessoas do setor musical e cultural em geral de 20 pa\u00edses de Am\u00e9rica Latina, Europa e Am\u00e9rica do Norte, tornando-se tend\u00eancia entre as atividades que a cena musical de Latam produziu em um ano inesquec\u00edvel para o setor. As tem\u00e1ticas abordadas abrangem desde os desafios das ag\u00eancias independentes, as pol\u00edticas p\u00fablicas com as que conta o setor na Iberoam\u00e9rica, vis\u00f5es, estrat\u00e9gias e alian\u00e7as no cen\u00e1rio atual musical e o que segue, formatos de equipe de trabalho, produ\u00e7\u00e3o musical independente, temas de direitos e cuidados, entre outros.<\/p>\n<p>Sobre a MMF LATAM, Associa\u00e7\u00e3o Latino-americana de Managers Musicales:<\/p>\n<p>A MMF LATAM \u00e9 a primeira Associa\u00e7\u00e3o Civil sem fins lucrativos, fundada em 2014, que re\u00fane gerentes e agentes musicais da Am\u00e9rica Latina. \u00c9 criado na cidade de Medell\u00edn no \u00e2mbito da feira internacional da m\u00fasica, Circulart, com representantes fundacionais de 12 pa\u00edses. Sua sede administrativa est\u00e1 localizada na Col\u00f4mbia.<\/p>\n<p>Funciona como uma rede profissional internacional que tem como principal objetivo representar os interesses coletivos dos managers e agentes musicais e seus artistas na Am\u00e9rica Latina.<\/p>\n<p>Hoje \u00e9 composta por membros de mais de 15 pa\u00edses da Am\u00e9rica Latina e faz parte da IMMF (International Music Management Forum).<\/p>\n","protected":false},"excerpt":{"rendered":"<p>O plano de a\u00e7\u00e3o \u00abForma\u00e7\u00e3o para a Transforma\u00e7\u00e3o\u00bb, promovido pela Associa\u00e7\u00e3o Latino-americana de Managers Musicales, ter\u00e1 sua segunda edi\u00e7\u00e3o a partir do m\u00eas de agosto de 2021. Este projecto, que foi lan\u00e7ado em 2020 como resultado do contexto de confinamento mundial produzido pela pandemia do COVID 19, teve uma dura\u00e7\u00e3o de 13 sess\u00f5es abertas ao [&hellip;]<\/p>\n","protected":false},"author":1,"featured_media":9428,"comment_status":"closed","ping_status":"closed","sticky":false,"template":"","format":"standard","meta":{"footnotes":""},"categories":[218],"tags":[],"class_list":["post-9430","post","type-post","status-publish","format-standard","has-post-thumbnail","hentry","category-noticias-generales-pt"],"lang":"pt","translations":{"pt":9430,"es":9427},"pll_sync_post":[],"post_mailing_queue_ids":[],"_links":{"self":[{"href":"http:\/\/staging.ibermusicas.org\/index.php\/wp-json\/wp\/v2\/posts\/9430","targetHints":{"allow":["GET"]}}],"collection":[{"href":"http:\/\/staging.ibermusicas.org\/index.php\/wp-json\/wp\/v2\/posts"}],"about":[{"href":"http:\/\/staging.ibermusicas.org\/index.php\/wp-json\/wp\/v2\/types\/post"}],"author":[{"embeddable":true,"href":"http:\/\/staging.ibermusicas.org\/index.php\/wp-json\/wp\/v2\/users\/1"}],"replies":[{"embeddable":true,"href":"http:\/\/staging.ibermusicas.org\/index.php\/wp-json\/wp\/v2\/comments?post=9430"}],"version-history":[{"count":3,"href":"http:\/\/staging.ibermusicas.org\/index.php\/wp-json\/wp\/v2\/posts\/9430\/revisions"}],"predecessor-version":[{"id":9483,"href":"http:\/\/staging.ibermusicas.org\/index.php\/wp-json\/wp\/v2\/posts\/9430\/revisions\/9483"}],"wp:featuredmedia":[{"embeddable":true,"href":"http:\/\/staging.ibermusicas.org\/index.php\/wp-json\/wp\/v2\/media\/9428"}],"wp:attachment":[{"href":"http:\/\/staging.ibermusicas.org\/index.php\/wp-json\/wp\/v2\/media?parent=9430"}],"wp:term":[{"taxonomy":"category","embeddable":true,"href":"http:\/\/staging.ibermusicas.org\/index.php\/wp-json\/wp\/v2\/categories?post=9430"},{"taxonomy":"post_tag","embeddable":true,"href":"http:\/\/staging.ibermusicas.org\/index.php\/wp-json\/wp\/v2\/tags?post=9430"}],"curies":[{"name":"wp","href":"https:\/\/api.w.org\/{rel}","templated":true}]}}