{"id":9432,"date":"2021-08-03T16:52:17","date_gmt":"2021-08-03T16:52:17","guid":{"rendered":"http:\/\/staging.ibermusicas.org\/?p=9432"},"modified":"2021-09-01T17:16:14","modified_gmt":"2021-09-01T17:16:14","slug":"la-maestra-ana-paula-segurola-participara-con-un-concierto-de-clave-del-encuentro-latinoamericano-de-musica-antigua-de-chile","status":"publish","type":"post","link":"http:\/\/staging.ibermusicas.org\/index.php\/la-maestra-ana-paula-segurola-participara-con-un-concierto-de-clave-del-encuentro-latinoamericano-de-musica-antigua-de-chile\/","title":{"rendered":"La maestra Ana Paula Segurola participar\u00e1 con un concierto de clave del Encuentro Latinoamericano de M\u00fasica Antigua de Chile"},"content":{"rendered":"<p>Ana Paula Segurola es concertista y docente licenciada en \u00d3rgano en la Facultad de Artes de la Universidad de la Rep\u00fablica, Uruguay y licenciada en Clave en la Universidad Nacional de las Artes, Buenos Aires, Argentina.<\/p>\n<p>Ha asistido a master-classes con destacados especialistas en m\u00fasica renacentista y barroca. Ex-becaria de la Fundaci\u00f3n Mercedes Olivera y del Centro Cultural de M\u00fasica (Uruguay), y de la Acad\u00e9mie musicale de Villecroze (Francia), se ha perfeccionado en Francia con Ilton Wjuniski e Huguette Dreyfus.<\/p>\n<p>Adem\u00e1s de su actividad como solista, ha participado en la producci\u00f3n de \u00f3peras barrocas, ha tocado junto a la Orquesta General San Mart\u00edn dirigida por el Maestro Mario Benzecry, e integra grupos de c\u00e1mara en Uruguay y Argentina.<br \/>\nEn 2010 y 2012 ha realizado giras por Suiza, Alemania, Inglaterra y Finlandia, con el auspicio de la Canciller\u00eda Argentina. Se ha presentado en conciertos y en festivales internacionales en Am\u00e9rica y Europa. Ha presentado numerosas obras del patrimonio musical latinoamericano en primera audici\u00f3n.<\/p>\n<p>Del trabajo conjunto con Gabriel Schebor (la\u00fades y guitarras) naci\u00f3 el CD \u00abPour ung plaisir\u00bb, adem\u00e1s de la colaboraci\u00f3n en los CD \u00abDar Luz\u00bb, \u00abSpanische Volkslieder\u00bb (de la serie \u00abRaras partituras\u00bb producida por la Biblioteca Nacional Argentina), y varios registros fonogr\u00e1ficos del Centro Cultural de Espa\u00f1a en Montevideo y del Festival de la Cultura de Potos\u00ed, entre otros.<\/p>\n<p>Encuentro Latinoamericano de M\u00fasica Antigua<br \/>\n24, 25 y 26 de agosto<\/p>\n","protected":false},"excerpt":{"rendered":"<p>Ana Paula Segurola es concertista y docente licenciada en \u00d3rgano en la Facultad de Artes de la Universidad de la Rep\u00fablica, Uruguay y licenciada en Clave en la Universidad Nacional de las Artes, Buenos Aires, Argentina. Ha asistido a master-classes con destacados especialistas en m\u00fasica renacentista y barroca. Ex-becaria de la Fundaci\u00f3n Mercedes Olivera y [&hellip;]<\/p>\n","protected":false},"author":1,"featured_media":9433,"comment_status":"closed","ping_status":"closed","sticky":false,"template":"","format":"standard","meta":{"footnotes":""},"categories":[53],"tags":[],"class_list":["post-9432","post","type-post","status-publish","format-standard","has-post-thumbnail","hentry","category-noticias-generales"],"lang":"es","translations":{"es":9432,"pt":9435},"pll_sync_post":[],"post_mailing_queue_ids":[],"_links":{"self":[{"href":"http:\/\/staging.ibermusicas.org\/index.php\/wp-json\/wp\/v2\/posts\/9432","targetHints":{"allow":["GET"]}}],"collection":[{"href":"http:\/\/staging.ibermusicas.org\/index.php\/wp-json\/wp\/v2\/posts"}],"about":[{"href":"http:\/\/staging.ibermusicas.org\/index.php\/wp-json\/wp\/v2\/types\/post"}],"author":[{"embeddable":true,"href":"http:\/\/staging.ibermusicas.org\/index.php\/wp-json\/wp\/v2\/users\/1"}],"replies":[{"embeddable":true,"href":"http:\/\/staging.ibermusicas.org\/index.php\/wp-json\/wp\/v2\/comments?post=9432"}],"version-history":[{"count":1,"href":"http:\/\/staging.ibermusicas.org\/index.php\/wp-json\/wp\/v2\/posts\/9432\/revisions"}],"predecessor-version":[{"id":9434,"href":"http:\/\/staging.ibermusicas.org\/index.php\/wp-json\/wp\/v2\/posts\/9432\/revisions\/9434"}],"wp:featuredmedia":[{"embeddable":true,"href":"http:\/\/staging.ibermusicas.org\/index.php\/wp-json\/wp\/v2\/media\/9433"}],"wp:attachment":[{"href":"http:\/\/staging.ibermusicas.org\/index.php\/wp-json\/wp\/v2\/media?parent=9432"}],"wp:term":[{"taxonomy":"category","embeddable":true,"href":"http:\/\/staging.ibermusicas.org\/index.php\/wp-json\/wp\/v2\/categories?post=9432"},{"taxonomy":"post_tag","embeddable":true,"href":"http:\/\/staging.ibermusicas.org\/index.php\/wp-json\/wp\/v2\/tags?post=9432"}],"curies":[{"name":"wp","href":"https:\/\/api.w.org\/{rel}","templated":true}]}}