{"id":9435,"date":"2021-08-03T16:53:37","date_gmt":"2021-08-03T16:53:37","guid":{"rendered":"http:\/\/staging.ibermusicas.org\/?p=9435"},"modified":"2021-09-01T17:18:45","modified_gmt":"2021-09-01T17:18:45","slug":"a-professora-ana-paula-segurola-participara-com-um-concerto-de-clave-do-encontro-latino-americano-de-musica-antiga-do-chile","status":"publish","type":"post","link":"http:\/\/staging.ibermusicas.org\/index.php\/a-professora-ana-paula-segurola-participara-com-um-concerto-de-clave-do-encontro-latino-americano-de-musica-antiga-do-chile\/","title":{"rendered":"A professora Ana Paula Segurola participar\u00e1 com um concerto de clave do Encontro Latino-Americano de M\u00fasica Antiga do Chile"},"content":{"rendered":"<p>Ana Paula Segurola \u00e9 solista e professora, formada em \u00d3rg\u00e3o pela Faculdade de Letras da Universidade da Rep\u00fablica do Uruguai e em Clave pela Universidade Nacional das Artes de Buenos Aires, Argentina.<\/p>\n<p>Frequentou master classes com grandes especialistas em m\u00fasica renascentista e barroca. Ex-bolsista da Funda\u00e7\u00e3o Mercedes Olivera e do Centro Cultural de M\u00fasica (Uruguai), e da Acad\u00e9mie musicale de Villecroze (Fran\u00e7a), se aperfei\u00e7oou na Fran\u00e7a com Ilton Wjuniski e Huguette Dreyfus.<\/p>\n<p>Al\u00e9m da atividade como solista, participou da produ\u00e7\u00e3o de \u00f3peras barrocas, tocou com a Orquestra General San Mart\u00edn sob a reg\u00eancia do Maestro Mario Benzecry e integrou grupos de c\u00e2mara no Uruguai e na Argentina. Em 2010 e 2012 percorreu a Su\u00ed\u00e7a, Alemanha, Inglaterra e Finl\u00e2ndia, sob os ausp\u00edcios da Canciller\u00eda Argentina. J\u00e1 se apresentou em shows e festivais internacionais na Am\u00e9rica e na Europa. Apresentou in\u00fameras obras do patrim\u00f4nio musical latino-americano em primeira audi\u00e7\u00e3o.<\/p>\n<p>Do trabalho conjunto com Gabriel Schebor (ala\u00fades e guitarras) nasceu o CD \u00abPour ung plaisir\u00bb, al\u00e9m da colabora\u00e7\u00e3o nos CD \u00abDar Luz\u00bb, \u00abSpanische Volkslieder\u00bb (da s\u00e9rie \u00abRaras Partituras\u00bb produzida pela Biblioteca Nacional Argentina), e diversos registros fonogr\u00e1ficos do Centro Cultural da Espanha em Montevid\u00e9u e do Festival de Cultura de Potos\u00ed, entre outros.<\/p>\n<p>Encontro Latino-americano de M\u00fasica Antiga<br \/>\n24, 25 e 26 de Agosto<\/p>\n","protected":false},"excerpt":{"rendered":"<p>Ana Paula Segurola \u00e9 solista e professora, formada em \u00d3rg\u00e3o pela Faculdade de Letras da Universidade da Rep\u00fablica do Uruguai e em Clave pela Universidade Nacional das Artes de Buenos Aires, Argentina. Frequentou master classes com grandes especialistas em m\u00fasica renascentista e barroca. Ex-bolsista da Funda\u00e7\u00e3o Mercedes Olivera e do Centro Cultural de M\u00fasica (Uruguai), [&hellip;]<\/p>\n","protected":false},"author":1,"featured_media":9433,"comment_status":"closed","ping_status":"closed","sticky":false,"template":"","format":"standard","meta":{"footnotes":""},"categories":[218],"tags":[],"class_list":["post-9435","post","type-post","status-publish","format-standard","has-post-thumbnail","hentry","category-noticias-generales-pt"],"lang":"pt","translations":{"pt":9435,"es":9432},"pll_sync_post":[],"post_mailing_queue_ids":[],"_links":{"self":[{"href":"http:\/\/staging.ibermusicas.org\/index.php\/wp-json\/wp\/v2\/posts\/9435","targetHints":{"allow":["GET"]}}],"collection":[{"href":"http:\/\/staging.ibermusicas.org\/index.php\/wp-json\/wp\/v2\/posts"}],"about":[{"href":"http:\/\/staging.ibermusicas.org\/index.php\/wp-json\/wp\/v2\/types\/post"}],"author":[{"embeddable":true,"href":"http:\/\/staging.ibermusicas.org\/index.php\/wp-json\/wp\/v2\/users\/1"}],"replies":[{"embeddable":true,"href":"http:\/\/staging.ibermusicas.org\/index.php\/wp-json\/wp\/v2\/comments?post=9435"}],"version-history":[{"count":1,"href":"http:\/\/staging.ibermusicas.org\/index.php\/wp-json\/wp\/v2\/posts\/9435\/revisions"}],"predecessor-version":[{"id":9436,"href":"http:\/\/staging.ibermusicas.org\/index.php\/wp-json\/wp\/v2\/posts\/9435\/revisions\/9436"}],"wp:featuredmedia":[{"embeddable":true,"href":"http:\/\/staging.ibermusicas.org\/index.php\/wp-json\/wp\/v2\/media\/9433"}],"wp:attachment":[{"href":"http:\/\/staging.ibermusicas.org\/index.php\/wp-json\/wp\/v2\/media?parent=9435"}],"wp:term":[{"taxonomy":"category","embeddable":true,"href":"http:\/\/staging.ibermusicas.org\/index.php\/wp-json\/wp\/v2\/categories?post=9435"},{"taxonomy":"post_tag","embeddable":true,"href":"http:\/\/staging.ibermusicas.org\/index.php\/wp-json\/wp\/v2\/tags?post=9435"}],"curies":[{"name":"wp","href":"https:\/\/api.w.org\/{rel}","templated":true}]}}