{"id":9445,"date":"2021-08-03T16:59:38","date_gmt":"2021-08-03T16:59:38","guid":{"rendered":"http:\/\/staging.ibermusicas.org\/?p=9445"},"modified":"2021-09-01T17:18:38","modified_gmt":"2021-09-01T17:18:38","slug":"o-compositor-chileno-maximiliano-soto-mayorga-inicia-uma-residencia-criativa-em-londres-com-o-duo-sano-sowicz","status":"publish","type":"post","link":"http:\/\/staging.ibermusicas.org\/index.php\/o-compositor-chileno-maximiliano-soto-mayorga-inicia-uma-residencia-criativa-em-londres-com-o-duo-sano-sowicz\/","title":{"rendered":"O compositor chileno Maximiliano Soto Mayorga inicia uma resid\u00eancia criativa em Londres com o D\u00fao Sano &#8211; Sowicz"},"content":{"rendered":"<p>O compositor chileno Maximiliano Soto Mayorga far\u00e1 uma resid\u00eancia criativa em Londres durante o m\u00eas de agosto com o Duo Sano Sowicz, formado pela pianista japonesa Yuko Sano e pelo violonista chileno-brit\u00e2nico Emmanuel Sowicz. O projeto consiste na cria\u00e7\u00e3o de uma obra para Piano e Guitarra, uma combina\u00e7\u00e3o instrumental com um repert\u00f3rio relativamente pequeno e para a qual Sano e Sowicz realizaram v\u00e1rias encomendas nos \u00faltimos anos.<\/p>\n<p>A pe\u00e7a prop\u00f5e uma estrutura modular que pode ser programada como interpola\u00e7\u00f5es em conjunto com outras pe\u00e7as do repert\u00f3rio de c\u00e2mara, tomando como pretexto po\u00e9tico a imagem do final do inverno ou de um incipiente equin\u00f3cio primaveril. Em meio a esse trabalho colaborativo, surge, de forma um tanto inesperada, a figura de Natsume Soseki, de quem o pretexto po\u00e9tico foi emprestado com base em seu romance \u00abAl\u00e9m do Equin\u00f3cio de Primavera\u00bb. Soseki, como este grupo de artistas, viajou para Londres na juventude para completar os seus estudos, altura em que narra, de forma on\u00edrica e um tanto absurda, na sua s\u00e9rie de contos \u00bb Miscel\u00e2neas primaveris\u00bb. Soseki opera aqui como uma esp\u00e9cie de n\u00f3 borromeano, como uma conting\u00eancia compartilhada, que se tornou a base de uma nova pe\u00e7a musical. A estreia da obra est\u00e1 prevista para o final de 2021, que, dependendo da conjuntura internacional, pode ser ao vivo ou em modo virtual.<\/p>\n<p>Maximiliano Soto Mayorga estuda Composi\u00e7\u00e3o com Johannes Schoellhorn no programa Konzertexamen na Escola Superior de M\u00fasica de Freiburg, Alemanha. Trabalhou recentemente com a SWR Orchestra, Static Trio, Ensemble Aventure e o Elliot Quartet. Entre os pr\u00eamios que recebeu est\u00e3o o pr\u00eamio de composi\u00e7\u00e3o \u00abAd Libitum\u00bb da Funda\u00e7\u00e3o Winfried B\u00f6hler Culture (em conjunto com o coletivo trioNONtrio), o Pr\u00eamio TONALi20 e a Comiss\u00e3o de Composi\u00e7\u00e3o, representada por Sofia Gubaidulina; o Pr\u00eamio DAAD, o pr\u00eamio PULSAR da Sociedade Chilena de Direitos Autorais e o Pr\u00eamio de Composi\u00e7\u00e3o \u00abCarlos Riesco\u00bb da Academia Chilena de Belas Artes. \u00c9 membro fundador do Ensemble Kompass de Freiburg, do qual \u00e9 diretor art\u00edstico desde 2018.<\/p>\n<p>A pianista japonesa Yuko Sano \u00e9 internacionalmente reconhecida por seu virtuosismo e som. Ele fez shows em mais de 40 cidades da \u00c1sia, Europa e Am\u00e9ricas. Um prod\u00edgio do piano, estreou-se na Europa aos oito anos, em Salzburgo. Aos quinze anos ela tocaria Mozart com a Filarm\u00f4nica de T\u00f3quio. Desde ent\u00e3o, sua carreira continuou a crescer at\u00e9 que ela se tornou a primeira pianista japonesa Steinway Artist em 2018.<\/p>\n<p>O guitarrista Emmanuel Sowicz foi descrito pela imprensa chilena como \u00aba pr\u00f3xima estrela da guitarra no c\u00e9u do instrumento nacional\u00bb (R\u00e1dio Beethoven FM). Em 2017 recebeu o Primeiro Pr\u00eamio e o Pr\u00eamio do P\u00fablico no XLIV Concurso Internacional de Performance Musical Dr. Luis Sigall em Vi\u00f1a del Mar, a competi\u00e7\u00e3o mais importante da Am\u00e9rica Latina, e em 2018 tornou-se um Artista da EuroStrings ap\u00f3s ganhar por unanimidade o Primeiro Pr\u00eamio em o Concurso Internacional de Guitarra em Londres.<\/p>\n","protected":false},"excerpt":{"rendered":"<p>O compositor chileno Maximiliano Soto Mayorga far\u00e1 uma resid\u00eancia criativa em Londres durante o m\u00eas de agosto com o Duo Sano Sowicz, formado pela pianista japonesa Yuko Sano e pelo violonista chileno-brit\u00e2nico Emmanuel Sowicz. O projeto consiste na cria\u00e7\u00e3o de uma obra para Piano e Guitarra, uma combina\u00e7\u00e3o instrumental com um repert\u00f3rio relativamente pequeno e [&hellip;]<\/p>\n","protected":false},"author":1,"featured_media":9443,"comment_status":"closed","ping_status":"closed","sticky":false,"template":"","format":"standard","meta":{"footnotes":""},"categories":[218],"tags":[],"class_list":["post-9445","post","type-post","status-publish","format-standard","has-post-thumbnail","hentry","category-noticias-generales-pt"],"lang":"pt","translations":{"pt":9445,"es":9442},"pll_sync_post":[],"post_mailing_queue_ids":[],"_links":{"self":[{"href":"http:\/\/staging.ibermusicas.org\/index.php\/wp-json\/wp\/v2\/posts\/9445","targetHints":{"allow":["GET"]}}],"collection":[{"href":"http:\/\/staging.ibermusicas.org\/index.php\/wp-json\/wp\/v2\/posts"}],"about":[{"href":"http:\/\/staging.ibermusicas.org\/index.php\/wp-json\/wp\/v2\/types\/post"}],"author":[{"embeddable":true,"href":"http:\/\/staging.ibermusicas.org\/index.php\/wp-json\/wp\/v2\/users\/1"}],"replies":[{"embeddable":true,"href":"http:\/\/staging.ibermusicas.org\/index.php\/wp-json\/wp\/v2\/comments?post=9445"}],"version-history":[{"count":1,"href":"http:\/\/staging.ibermusicas.org\/index.php\/wp-json\/wp\/v2\/posts\/9445\/revisions"}],"predecessor-version":[{"id":9446,"href":"http:\/\/staging.ibermusicas.org\/index.php\/wp-json\/wp\/v2\/posts\/9445\/revisions\/9446"}],"wp:featuredmedia":[{"embeddable":true,"href":"http:\/\/staging.ibermusicas.org\/index.php\/wp-json\/wp\/v2\/media\/9443"}],"wp:attachment":[{"href":"http:\/\/staging.ibermusicas.org\/index.php\/wp-json\/wp\/v2\/media?parent=9445"}],"wp:term":[{"taxonomy":"category","embeddable":true,"href":"http:\/\/staging.ibermusicas.org\/index.php\/wp-json\/wp\/v2\/categories?post=9445"},{"taxonomy":"post_tag","embeddable":true,"href":"http:\/\/staging.ibermusicas.org\/index.php\/wp-json\/wp\/v2\/tags?post=9445"}],"curies":[{"name":"wp","href":"https:\/\/api.w.org\/{rel}","templated":true}]}}