{"id":9447,"date":"2021-08-03T17:16:11","date_gmt":"2021-08-03T17:16:11","guid":{"rendered":"http:\/\/staging.ibermusicas.org\/?p=9447"},"modified":"2021-09-01T17:15:51","modified_gmt":"2021-09-01T17:15:51","slug":"desde-chile-llega-un-nuevo-encuentro-de-arrullos-de-infancia-y-juegos-ritmicos-de-latinoamerica-este-encuentro-tendra-por-eje-tematico-el-carnavalito-peru-bolivia-norte-de-chile","status":"publish","type":"post","link":"http:\/\/staging.ibermusicas.org\/index.php\/desde-chile-llega-un-nuevo-encuentro-de-arrullos-de-infancia-y-juegos-ritmicos-de-latinoamerica-este-encuentro-tendra-por-eje-tematico-el-carnavalito-peru-bolivia-norte-de-chile\/","title":{"rendered":"Desde Chile llega un nuevo encuentro de \u201cArrullos de infancia y juegos r\u00edtmicos de Latinoam\u00e9rica\u201d. Este encuentro tendr\u00e1 por eje tem\u00e1tico: El carnavalito, Per\u00fa, Bolivia, Norte de Chile y Argentina \u201cUn ritmo de fiesta, alegr\u00eda, igualdad y canto a la Madre Tierra\u201d"},"content":{"rendered":"<p>Con canciones tradicionales y versos de la oralidad, juegos r\u00edtmicos y percusi\u00f3n latinoamericana, historia y antropolog\u00eda musical, Hemiola M\u00fasicas, El Taller de Bater\u00eda y Percusi\u00f3n Latinoam\u00e9rica nos invita a ser parte de \u201cArrullos de infancia y juegos r\u00edtmicos de Latinoam\u00e9rica\u201d, diez encuentros en torno a canciones de cuna, versos y ritmos de la tradici\u00f3n oral, especialmente seleccionados para la ocasi\u00f3n.<\/p>\n<p>El taller nos invita a vivenciar una selecci\u00f3n especial de canciones y versos en claves de ritmos latinoamericanos, destinadas a ser recibidas a modo de \u201carrullo\u201d de infancia, donde el trenzado de canto, la melod\u00eda y el ritmo propio de cada canci\u00f3n se vuelve soporte de cobijo, (auto) cuidado y seguridad tanto para sus destinatarios (ni\u00f1os) como para sus int\u00e9rpretes.<\/p>\n<p>Los Talleres se realizar\u00e1n a trav\u00e9s de la Plataforma Zoom y tendr\u00e1n una duraci\u00f3n aproximada de dos horas. Se tratar\u00e1 de diez encuentros en total comprendidos entre los meses de abril a diciembre con un cierre final. Cupos limitados.<\/p>\n<p>Inscripciones y Programa:\u00a0<a href=\"mailto:hemiolamusicas@gmail.com\" target=\"_blank\" rel=\"noopener\">hemiolamusicas@gmail.com<\/a><br \/>\nInstagram: @hemiola.musicas @<a href=\"http:\/\/tallerdebateria.la\/\" target=\"_blank\" rel=\"noopener\" data-saferedirecturl=\"https:\/\/www.google.com\/url?hl=es&amp;q=http:\/\/tallerdebateria.la&amp;source=gmail&amp;ust=1628096042068000&amp;usg=AFQjCNFq5j_tVvkBOIgyYs5fxh6bZ9syAg\">tallerdebateria.la<\/a><br \/>\n<a href=\"https:\/\/lt.mydplr.com\/4b616b291df2bc4e9e38c7f35fcaf4d6-81868bec073b3970fa62af291f12b42d\" target=\"_blank\" rel=\"noopener\" data-saferedirecturl=\"https:\/\/www.google.com\/url?hl=es&amp;q=https:\/\/lt.mydplr.com\/4b616b291df2bc4e9e38c7f35fcaf4d6-81868bec073b3970fa62af291f12b42d&amp;source=gmail&amp;ust=1628096042068000&amp;usg=AFQjCNHMfMqLqnlgYoZNPIaYWan-bdBrng\">Facebook<\/a><br \/>\nS\u00e1bado 14 de agosto de 10 a 12 hs. (horario de Chile)<\/p>\n","protected":false},"excerpt":{"rendered":"<p>Con canciones tradicionales y versos de la oralidad, juegos r\u00edtmicos y percusi\u00f3n latinoamericana, historia y antropolog\u00eda musical, Hemiola M\u00fasicas, El Taller de Bater\u00eda y Percusi\u00f3n Latinoam\u00e9rica nos invita a ser parte de \u201cArrullos de infancia y juegos r\u00edtmicos de Latinoam\u00e9rica\u201d, diez encuentros en torno a canciones de cuna, versos y ritmos de la tradici\u00f3n oral, [&hellip;]<\/p>\n","protected":false},"author":1,"featured_media":9448,"comment_status":"closed","ping_status":"closed","sticky":false,"template":"","format":"standard","meta":{"footnotes":""},"categories":[53],"tags":[],"class_list":["post-9447","post","type-post","status-publish","format-standard","has-post-thumbnail","hentry","category-noticias-generales"],"lang":"es","translations":{"es":9447,"pt":9450},"pll_sync_post":[],"post_mailing_queue_ids":[],"_links":{"self":[{"href":"http:\/\/staging.ibermusicas.org\/index.php\/wp-json\/wp\/v2\/posts\/9447","targetHints":{"allow":["GET"]}}],"collection":[{"href":"http:\/\/staging.ibermusicas.org\/index.php\/wp-json\/wp\/v2\/posts"}],"about":[{"href":"http:\/\/staging.ibermusicas.org\/index.php\/wp-json\/wp\/v2\/types\/post"}],"author":[{"embeddable":true,"href":"http:\/\/staging.ibermusicas.org\/index.php\/wp-json\/wp\/v2\/users\/1"}],"replies":[{"embeddable":true,"href":"http:\/\/staging.ibermusicas.org\/index.php\/wp-json\/wp\/v2\/comments?post=9447"}],"version-history":[{"count":1,"href":"http:\/\/staging.ibermusicas.org\/index.php\/wp-json\/wp\/v2\/posts\/9447\/revisions"}],"predecessor-version":[{"id":9449,"href":"http:\/\/staging.ibermusicas.org\/index.php\/wp-json\/wp\/v2\/posts\/9447\/revisions\/9449"}],"wp:featuredmedia":[{"embeddable":true,"href":"http:\/\/staging.ibermusicas.org\/index.php\/wp-json\/wp\/v2\/media\/9448"}],"wp:attachment":[{"href":"http:\/\/staging.ibermusicas.org\/index.php\/wp-json\/wp\/v2\/media?parent=9447"}],"wp:term":[{"taxonomy":"category","embeddable":true,"href":"http:\/\/staging.ibermusicas.org\/index.php\/wp-json\/wp\/v2\/categories?post=9447"},{"taxonomy":"post_tag","embeddable":true,"href":"http:\/\/staging.ibermusicas.org\/index.php\/wp-json\/wp\/v2\/tags?post=9447"}],"curies":[{"name":"wp","href":"https:\/\/api.w.org\/{rel}","templated":true}]}}