{"id":9452,"date":"2021-08-03T17:18:34","date_gmt":"2021-08-03T17:18:34","guid":{"rendered":"http:\/\/staging.ibermusicas.org\/?p=9452"},"modified":"2021-09-01T17:15:46","modified_gmt":"2021-09-01T17:15:46","slug":"el-cmmas-de-mexico-continua-con-su-ciclo-perspectivas-sonoras-2021-4","status":"publish","type":"post","link":"http:\/\/staging.ibermusicas.org\/index.php\/el-cmmas-de-mexico-continua-con-su-ciclo-perspectivas-sonoras-2021-4\/","title":{"rendered":"El CMMAS de M\u00e9xico contin\u00faa con su ciclo Perspectivas Sonoras 2021"},"content":{"rendered":"<p>Perspectivas Sonoras 2021 es un ciclo de conciertos y conferencias que se desarrolla de abril a septiembre del a\u00f1o 2021 de forma virtual por el Centro Mexicano para la M\u00fasica y las Artes Sonoras, CMMAS.<\/p>\n<p>Desde la fundaci\u00f3n del Centro Mexicano para la M\u00fasica y las Artes Sonoras, CMMAS en 2006, se ha trabajado para contribuir al desarrollo musical y sonoro tanto en M\u00e9xico como a nivel internacional. A trav\u00e9s de sus programas de acci\u00f3n, fomenta la creaci\u00f3n, promociona y difunde la obra de artistas y creadores mexicanos y extranjeros, emergentes y con amplia trayectoria; provoca la formaci\u00f3n de p\u00fablicos a trav\u00e9s de programas para ni\u00f1os y j\u00f3venes y p\u00fablico en general y contribuye a la formaci\u00f3n especializada en temas actuales e indispensables para la creaci\u00f3n y desarrollo profesional.<\/p>\n<p>Perspectivas Sonoras contin\u00faa las actividades de difusi\u00f3n, promoci\u00f3n y fomento a la creaci\u00f3n de m\u00fasica y arte sonoro, presentando el trabajo de artistas latinoamericanos.<\/p>\n<p>Concierto virtual Perspectivas Sonoras \/ 11<br \/>\nEvelin Ram\u00f3n (Cuba)<br \/>\n13 de agosto 20:00 hs (hora de M\u00e9xico)<\/p>\n<p>Concierto virtual Perspectivas Sonoras \/ 12<br \/>\nEusebio S\u00e1nchez (M\u00e9xico)<br \/>\n20 de agosto 20:00 hs (hora de M\u00e9xico)<\/p>\n<p>Concierto virtual Perspectivas Sonoras \/ 13<br \/>\nAntonio Isaac G\u00f3mez (M\u00e9xico)<br \/>\n27 de agosto 20:00 hs (hora de M\u00e9xico)<\/p>\n<p>Transmitido por el canal de YouTube del CMMAS:<br \/>\n<a href=\"https:\/\/lt.mydplr.com\/992169223619805a1e9e7a5e3b25f9be-81868bec073b3970fa62af291f12b42d\" target=\"_blank\" rel=\"noopener\" data-saferedirecturl=\"https:\/\/www.google.com\/url?hl=es&amp;q=https:\/\/lt.mydplr.com\/992169223619805a1e9e7a5e3b25f9be-81868bec073b3970fa62af291f12b42d&amp;source=gmail&amp;ust=1628096042068000&amp;usg=AFQjCNHji_ElxmATJxU3vLpqoPNvkW3BEg\">Youtube.com<\/a><\/p>\n","protected":false},"excerpt":{"rendered":"<p>Perspectivas Sonoras 2021 es un ciclo de conciertos y conferencias que se desarrolla de abril a septiembre del a\u00f1o 2021 de forma virtual por el Centro Mexicano para la M\u00fasica y las Artes Sonoras, CMMAS. Desde la fundaci\u00f3n del Centro Mexicano para la M\u00fasica y las Artes Sonoras, CMMAS en 2006, se ha trabajado para [&hellip;]<\/p>\n","protected":false},"author":1,"featured_media":9453,"comment_status":"closed","ping_status":"closed","sticky":false,"template":"","format":"standard","meta":{"footnotes":""},"categories":[53],"tags":[],"class_list":["post-9452","post","type-post","status-publish","format-standard","has-post-thumbnail","hentry","category-noticias-generales"],"lang":"es","translations":{"es":9452,"pt":9455},"pll_sync_post":[],"post_mailing_queue_ids":[],"_links":{"self":[{"href":"http:\/\/staging.ibermusicas.org\/index.php\/wp-json\/wp\/v2\/posts\/9452","targetHints":{"allow":["GET"]}}],"collection":[{"href":"http:\/\/staging.ibermusicas.org\/index.php\/wp-json\/wp\/v2\/posts"}],"about":[{"href":"http:\/\/staging.ibermusicas.org\/index.php\/wp-json\/wp\/v2\/types\/post"}],"author":[{"embeddable":true,"href":"http:\/\/staging.ibermusicas.org\/index.php\/wp-json\/wp\/v2\/users\/1"}],"replies":[{"embeddable":true,"href":"http:\/\/staging.ibermusicas.org\/index.php\/wp-json\/wp\/v2\/comments?post=9452"}],"version-history":[{"count":1,"href":"http:\/\/staging.ibermusicas.org\/index.php\/wp-json\/wp\/v2\/posts\/9452\/revisions"}],"predecessor-version":[{"id":9454,"href":"http:\/\/staging.ibermusicas.org\/index.php\/wp-json\/wp\/v2\/posts\/9452\/revisions\/9454"}],"wp:featuredmedia":[{"embeddable":true,"href":"http:\/\/staging.ibermusicas.org\/index.php\/wp-json\/wp\/v2\/media\/9453"}],"wp:attachment":[{"href":"http:\/\/staging.ibermusicas.org\/index.php\/wp-json\/wp\/v2\/media?parent=9452"}],"wp:term":[{"taxonomy":"category","embeddable":true,"href":"http:\/\/staging.ibermusicas.org\/index.php\/wp-json\/wp\/v2\/categories?post=9452"},{"taxonomy":"post_tag","embeddable":true,"href":"http:\/\/staging.ibermusicas.org\/index.php\/wp-json\/wp\/v2\/tags?post=9452"}],"curies":[{"name":"wp","href":"https:\/\/api.w.org\/{rel}","templated":true}]}}