{"id":9455,"date":"2021-08-03T17:19:53","date_gmt":"2021-08-03T17:19:53","guid":{"rendered":"http:\/\/staging.ibermusicas.org\/?p=9455"},"modified":"2021-09-01T17:18:26","modified_gmt":"2021-09-01T17:18:26","slug":"o-cmmas-do-mexico-continua-com-seu-ciclo-perspectivas-sonoras-2021-4","status":"publish","type":"post","link":"http:\/\/staging.ibermusicas.org\/index.php\/o-cmmas-do-mexico-continua-com-seu-ciclo-perspectivas-sonoras-2021-4\/","title":{"rendered":"O CMMAS do M\u00e9xico continua com seu ciclo Perspectivas Sonoras 2021"},"content":{"rendered":"<p>Perspectivas Sonoras 2021 \u00e9 uma s\u00e9rie de concertos e confer\u00eancias que acontecem de abril a setembro de 2021 virtualmente pelo Centro Mexicano de M\u00fasica e Artes Sonoras, CMMAS.<\/p>\n<p>Desde a funda\u00e7\u00e3o do Centro Mexicano de M\u00fasica e Artes Sonoras, CMMAS em 2006, um trabalho tem sido feito para contribuir para o desenvolvimento musical e sonoro no M\u00e9xico e internacionalmente. Por meio de seus programas de a\u00e7\u00e3o, incentiva a cria\u00e7\u00e3o, promove e divulga o trabalho de artistas e criadores emergentes mexicanos e estrangeiros com vasta experi\u00eancia; provoca a forma\u00e7\u00e3o de p\u00fablicos por meio de programas para crian\u00e7as e jovens e ao p\u00fablico em geral e contribui para a forma\u00e7\u00e3o especializada em temas atuais e essenciais para a cria\u00e7\u00e3o e o desenvolvimento profissional.<\/p>\n<p>Perspectivas Sonoras continua suas atividades de divulga\u00e7\u00e3o, promo\u00e7\u00e3o e incentivo \u00e0 cria\u00e7\u00e3o musical e sonora, apresentando o trabalho de artistas latino-americanos.<\/p>\n<p>Concerto virtual Perspectivas Sonoras \/ 11<br \/>\nEvelin Ram\u00f3n (Cuba)<br \/>\n13 de agosto 20:00 hs (hora do M\u00e9xico)<\/p>\n<p>Concerto virtual Perspectivas Sonoras \/ 12<br \/>\nEusebio S\u00e1nchez (M\u00e9xico)<br \/>\n20 de agosto 20:00 hs (hora do M\u00e9xico)<\/p>\n<p>Concerto virtual Perspectivas Sonoras \/ 13<br \/>\nAntonio Isaac G\u00f3mez (M\u00e9xico)<br \/>\n27 de agosto 20:00 hs (hora do M\u00e9xico)<\/p>\n<p>Transmitido pelo canal do CMMAS no YouTube:<br \/>\n<a href=\"https:\/\/lt.mydplr.com\/992169223619805a1e9e7a5e3b25f9be-81868bec073b3970fa62af291f12b42d\" target=\"_blank\" rel=\"noopener\" data-saferedirecturl=\"https:\/\/www.google.com\/url?hl=es&amp;q=https:\/\/lt.mydplr.com\/992169223619805a1e9e7a5e3b25f9be-81868bec073b3970fa62af291f12b42d&amp;source=gmail&amp;ust=1628096042068000&amp;usg=AFQjCNHji_ElxmATJxU3vLpqoPNvkW3BEg\">Youtube.com<\/a><\/p>\n","protected":false},"excerpt":{"rendered":"<p>Perspectivas Sonoras 2021 \u00e9 uma s\u00e9rie de concertos e confer\u00eancias que acontecem de abril a setembro de 2021 virtualmente pelo Centro Mexicano de M\u00fasica e Artes Sonoras, CMMAS. Desde a funda\u00e7\u00e3o do Centro Mexicano de M\u00fasica e Artes Sonoras, CMMAS em 2006, um trabalho tem sido feito para contribuir para o desenvolvimento musical e sonoro [&hellip;]<\/p>\n","protected":false},"author":1,"featured_media":9453,"comment_status":"closed","ping_status":"closed","sticky":false,"template":"","format":"standard","meta":{"footnotes":""},"categories":[218],"tags":[],"class_list":["post-9455","post","type-post","status-publish","format-standard","has-post-thumbnail","hentry","category-noticias-generales-pt"],"lang":"pt","translations":{"pt":9455,"es":9452},"pll_sync_post":[],"post_mailing_queue_ids":[],"_links":{"self":[{"href":"http:\/\/staging.ibermusicas.org\/index.php\/wp-json\/wp\/v2\/posts\/9455","targetHints":{"allow":["GET"]}}],"collection":[{"href":"http:\/\/staging.ibermusicas.org\/index.php\/wp-json\/wp\/v2\/posts"}],"about":[{"href":"http:\/\/staging.ibermusicas.org\/index.php\/wp-json\/wp\/v2\/types\/post"}],"author":[{"embeddable":true,"href":"http:\/\/staging.ibermusicas.org\/index.php\/wp-json\/wp\/v2\/users\/1"}],"replies":[{"embeddable":true,"href":"http:\/\/staging.ibermusicas.org\/index.php\/wp-json\/wp\/v2\/comments?post=9455"}],"version-history":[{"count":1,"href":"http:\/\/staging.ibermusicas.org\/index.php\/wp-json\/wp\/v2\/posts\/9455\/revisions"}],"predecessor-version":[{"id":9456,"href":"http:\/\/staging.ibermusicas.org\/index.php\/wp-json\/wp\/v2\/posts\/9455\/revisions\/9456"}],"wp:featuredmedia":[{"embeddable":true,"href":"http:\/\/staging.ibermusicas.org\/index.php\/wp-json\/wp\/v2\/media\/9453"}],"wp:attachment":[{"href":"http:\/\/staging.ibermusicas.org\/index.php\/wp-json\/wp\/v2\/media?parent=9455"}],"wp:term":[{"taxonomy":"category","embeddable":true,"href":"http:\/\/staging.ibermusicas.org\/index.php\/wp-json\/wp\/v2\/categories?post=9455"},{"taxonomy":"post_tag","embeddable":true,"href":"http:\/\/staging.ibermusicas.org\/index.php\/wp-json\/wp\/v2\/tags?post=9455"}],"curies":[{"name":"wp","href":"https:\/\/api.w.org\/{rel}","templated":true}]}}