{"id":9457,"date":"2021-08-03T17:21:15","date_gmt":"2021-08-03T17:21:15","guid":{"rendered":"http:\/\/staging.ibermusicas.org\/?p=9457"},"modified":"2021-09-01T17:15:37","modified_gmt":"2021-09-01T17:15:37","slug":"el-baritono-mexicano-ricardo-lopez-inicia-su-ciclo-de-veladas-virtuales","status":"publish","type":"post","link":"http:\/\/staging.ibermusicas.org\/index.php\/el-baritono-mexicano-ricardo-lopez-inicia-su-ciclo-de-veladas-virtuales\/","title":{"rendered":"El Bar\u00edtono Mexicano Ricardo L\u00f3pez inicia su ciclo de Veladas Virtuales"},"content":{"rendered":"<p>Veladas virtuales se trata de una serie de ca\u0301psulas virtuales en las que se aborda un repertorio vocal de ca\u0301mara complementado con datos sumamente interesantes en la voz del Mtro. Francisco Me\u0301ndez Padilla como presentador. Dichas veladas tienen un formato radiofo\u0301nico-virtual en las que el presentador introduce al p\u00fablico al mundo de la mu\u0301sica vocal en diversos ge\u0301neros. Este formato de concierto virtual con participacio\u0301n de un presentador, hace muchi\u0301simo ma\u0301s afable el abordaje por parte del p\u00fablico.<\/p>\n<p>Para esta convocatoria se han elegido tres programas diversos, cada uno de ellos de una regio\u0301n diferente:<\/p>\n<p>\u2022 Espan\u0303a &#8211; Mtro. Carlos Aransay (Espan\u0303a). Pianista y director musical<br \/>\n\u2022 Latinoame\u0301rica &#8211; Mtro. Manuel Matarrita (Costa Rica). Pianista y director musical<br \/>\n\u2022 Me\u0301xico &#8211; Mtro. Sergio Va\u0301zquez (Me\u0301xico). Pianista y director musical<\/p>\n<p>Ricardo L\u00f3pez es cantante bar\u00edtono. Fue ganador del primer lugar en el XXVI Concurso Nacional de Canto \u201cCarlo Morelli\u201d, XVII Concurso Internacional de Canto L\u00edrico de Trujillo y el 1er Concurso de Canto \u201cLinus Lerner\u201d, Concurso Iberoamericano de la Canci\u00f3n \u201cIrma Gonz\u00e1lez\u201d y Premio Mtro. Enrique Patr\u00f3n De Rueda a la mejor voz mexicana y recientemente en 2021 fue ganador del 1er Concurso Virtual de Canto \u201cCanto Latino Cyberchallenge 2021\u201d. Ha participado con la Compa\u00f1\u00eda Nacional de \u00d3pera de Bellas Artes en distintas producciones entre las que destacan, \u201cI Pagliacci\u201d de R. Leoncavallo, \u201cCavalleria Rusticana\u201d de P. Mascagni, \u201cTosca\u201d de G. Puccini, \u201cDon Giovanni\u201d de W. A. Mozart, \u201cIl Trovatore\u201d, \u201cOtello\u201d y en el estreno en M\u00e9xico de la \u00f3pera \u201cMacbeth\u201d versi\u00f3n de 1847, \u00e9stas tres \u00faltimas \u00f3peras son de la autor\u00eda del Mtro. G. Verdi. Se ha presentado con mucho \u00e9xito en diferentes pa\u00edses alrededor del mundo, tales como: Alemania, Suiza, Austria, Croacia, Inglaterra, Italia, Francia, Argentina, Estados Unidos, Uruguay, Chile y Brasil.<\/p>\n<p>Se ha presentado en escenarios de suma importancia entre los que destacan el Palacio de Bellas Artes, la Sala Nezahualc\u00f3yotl, Auditorio Nacional, Teatro Degollado, en M\u00e9xico, Oper K\u00f6ln, en Alemania y el afamado Tonhalle en Z\u00fcrich, Suiza. Ha sido solista con la Orquesta Filarm\u00f3nica de la UNAM, Filarm\u00f3nica de la Ciudad de M\u00e9xico, Orquesta Sinf\u00f3nica del Estado de M\u00e9xico, Sinf\u00f3nica de Xalapa, Sinf\u00f3nica de Jalisco, Sinf\u00f3nica de Montevideo, Neubrandenburg Kammerphilarmonie, Chur Kammerphilarmonie, entre otras. De igual manera ha actuado bajo la batuta de afamados directores nacionales y extranjeros entre los que destacan, Enrique Patr\u00f3n de Rueda, Enrique Dimecke, Enrique B\u00e1tiz, Nikza Bareza, Marco Guidarini y Pl\u00e1cido Domingo. Adem\u00e1s ha participado en importantes festivales culturales internacionales como, Festival Internacional Cervantino, FAOT Internacional, Festival Internacional Tamaulipas, Festival de las Animas entre otros.<\/p>\n<p>domingo 1ero de agosto, 1er. Velada Virtual \u2013 Espa\u00f1a<br \/>\nviernes 20 de agosto, 2da. Velada Virtual \u2013 Latinoam\u00e9rica<br \/>\nmi\u00e9rcoles 15 de septiembre, 3ra. Velada Virtual \u2013 M\u00e9xico<br \/>\n<a href=\"https:\/\/lt.mydplr.com\/a3c707dfa63c50eea113b62a255aeece-81868bec073b3970fa62af291f12b42d\" target=\"_blank\" rel=\"noopener\" data-saferedirecturl=\"https:\/\/www.google.com\/url?hl=es&amp;q=https:\/\/lt.mydplr.com\/a3c707dfa63c50eea113b62a255aeece-81868bec073b3970fa62af291f12b42d&amp;source=gmail&amp;ust=1628096042068000&amp;usg=AFQjCNG2TyVRg6rbsu_gdf7FUHfmp6bRMw\">Facebook.com<\/a><br \/>\n<a href=\"https:\/\/lt.mydplr.com\/ed9aa07d6a5f9d6da9a276cb8906cd54-81868bec073b3970fa62af291f12b42d\" target=\"_blank\" rel=\"noopener\" data-saferedirecturl=\"https:\/\/www.google.com\/url?hl=es&amp;q=https:\/\/lt.mydplr.com\/ed9aa07d6a5f9d6da9a276cb8906cd54-81868bec073b3970fa62af291f12b42d&amp;source=gmail&amp;ust=1628096042068000&amp;usg=AFQjCNE583rBNMSDw5GiQ-s_Ki8LfpfdSA\">Youtube.com<\/a><\/p>\n","protected":false},"excerpt":{"rendered":"<p>Veladas virtuales se trata de una serie de ca\u0301psulas virtuales en las que se aborda un repertorio vocal de ca\u0301mara complementado con datos sumamente interesantes en la voz del Mtro. Francisco Me\u0301ndez Padilla como presentador. Dichas veladas tienen un formato radiofo\u0301nico-virtual en las que el presentador introduce al p\u00fablico al mundo de la mu\u0301sica vocal [&hellip;]<\/p>\n","protected":false},"author":1,"featured_media":9458,"comment_status":"closed","ping_status":"closed","sticky":false,"template":"","format":"standard","meta":{"footnotes":""},"categories":[53],"tags":[],"class_list":["post-9457","post","type-post","status-publish","format-standard","has-post-thumbnail","hentry","category-noticias-generales"],"lang":"es","translations":{"es":9457,"pt":9460},"pll_sync_post":[],"post_mailing_queue_ids":[],"_links":{"self":[{"href":"http:\/\/staging.ibermusicas.org\/index.php\/wp-json\/wp\/v2\/posts\/9457","targetHints":{"allow":["GET"]}}],"collection":[{"href":"http:\/\/staging.ibermusicas.org\/index.php\/wp-json\/wp\/v2\/posts"}],"about":[{"href":"http:\/\/staging.ibermusicas.org\/index.php\/wp-json\/wp\/v2\/types\/post"}],"author":[{"embeddable":true,"href":"http:\/\/staging.ibermusicas.org\/index.php\/wp-json\/wp\/v2\/users\/1"}],"replies":[{"embeddable":true,"href":"http:\/\/staging.ibermusicas.org\/index.php\/wp-json\/wp\/v2\/comments?post=9457"}],"version-history":[{"count":1,"href":"http:\/\/staging.ibermusicas.org\/index.php\/wp-json\/wp\/v2\/posts\/9457\/revisions"}],"predecessor-version":[{"id":9459,"href":"http:\/\/staging.ibermusicas.org\/index.php\/wp-json\/wp\/v2\/posts\/9457\/revisions\/9459"}],"wp:featuredmedia":[{"embeddable":true,"href":"http:\/\/staging.ibermusicas.org\/index.php\/wp-json\/wp\/v2\/media\/9458"}],"wp:attachment":[{"href":"http:\/\/staging.ibermusicas.org\/index.php\/wp-json\/wp\/v2\/media?parent=9457"}],"wp:term":[{"taxonomy":"category","embeddable":true,"href":"http:\/\/staging.ibermusicas.org\/index.php\/wp-json\/wp\/v2\/categories?post=9457"},{"taxonomy":"post_tag","embeddable":true,"href":"http:\/\/staging.ibermusicas.org\/index.php\/wp-json\/wp\/v2\/tags?post=9457"}],"curies":[{"name":"wp","href":"https:\/\/api.w.org\/{rel}","templated":true}]}}