{"id":9462,"date":"2021-08-03T17:23:42","date_gmt":"2021-08-03T17:23:42","guid":{"rendered":"http:\/\/staging.ibermusicas.org\/?p=9462"},"modified":"2021-09-01T17:15:26","modified_gmt":"2021-09-01T17:15:26","slug":"camerata-caipira-de-brasil-y-merken-de-chile-lanzaron-en-las-redes-el-tema-antes-de-que-el-mundo-acabe","status":"publish","type":"post","link":"http:\/\/staging.ibermusicas.org\/index.php\/camerata-caipira-de-brasil-y-merken-de-chile-lanzaron-en-las-redes-el-tema-antes-de-que-el-mundo-acabe\/","title":{"rendered":"Camerata Caipira de Brasil y Merk\u00e9n de Chile lanzaron en las redes el tema \u201cAntes de que el mundo acabe\u201d"},"content":{"rendered":"<p>Camerata Caipira de Brasil y Merk\u00e9n de Chile lanzaron en las redes el tema \u201cAntes de que el mundo acabe\u201d<\/p>\n<p>\u201cAntes de que el mundo acabe\u201d es una canci\u00f3n realizada en colaboraci\u00f3n entre los m\u00fasicos de Camerata Caipira de Brasil y el grupo Merk\u00e9n de Chile.<\/p>\n<p>Los grupos, que ya han compartido escenario algunas veces, decidieron componer una canci\u00f3n en conjunto que reflejara nuestra situaci\u00f3n global actual y, a\u00fan a la distancia, celebran la fuerza de la hermandad latina a trav\u00e9s de la m\u00fasica en este encuentro virtual.<\/p>\n<p><a href=\"https:\/\/lt.mydplr.com\/c27b59a4d1ca3ec87974283433450990-81868bec073b3970fa62af291f12b42d\" target=\"_blank\" rel=\"noopener\" data-saferedirecturl=\"https:\/\/www.google.com\/url?hl=es&amp;q=https:\/\/lt.mydplr.com\/c27b59a4d1ca3ec87974283433450990-81868bec073b3970fa62af291f12b42d&amp;source=gmail&amp;ust=1628096042068000&amp;usg=AFQjCNFI6Ewl8AJ46Q7Ff0W-3ofSHM6M8w\">Youtube.com<\/a><\/p>\n","protected":false},"excerpt":{"rendered":"<p>Camerata Caipira de Brasil y Merk\u00e9n de Chile lanzaron en las redes el tema \u201cAntes de que el mundo acabe\u201d \u201cAntes de que el mundo acabe\u201d es una canci\u00f3n realizada en colaboraci\u00f3n entre los m\u00fasicos de Camerata Caipira de Brasil y el grupo Merk\u00e9n de Chile. Los grupos, que ya han compartido escenario algunas veces, [&hellip;]<\/p>\n","protected":false},"author":1,"featured_media":9463,"comment_status":"closed","ping_status":"closed","sticky":false,"template":"","format":"standard","meta":{"footnotes":""},"categories":[53],"tags":[],"class_list":["post-9462","post","type-post","status-publish","format-standard","has-post-thumbnail","hentry","category-noticias-generales"],"lang":"es","translations":{"es":9462,"pt":9465},"pll_sync_post":[],"post_mailing_queue_ids":[],"_links":{"self":[{"href":"http:\/\/staging.ibermusicas.org\/index.php\/wp-json\/wp\/v2\/posts\/9462","targetHints":{"allow":["GET"]}}],"collection":[{"href":"http:\/\/staging.ibermusicas.org\/index.php\/wp-json\/wp\/v2\/posts"}],"about":[{"href":"http:\/\/staging.ibermusicas.org\/index.php\/wp-json\/wp\/v2\/types\/post"}],"author":[{"embeddable":true,"href":"http:\/\/staging.ibermusicas.org\/index.php\/wp-json\/wp\/v2\/users\/1"}],"replies":[{"embeddable":true,"href":"http:\/\/staging.ibermusicas.org\/index.php\/wp-json\/wp\/v2\/comments?post=9462"}],"version-history":[{"count":1,"href":"http:\/\/staging.ibermusicas.org\/index.php\/wp-json\/wp\/v2\/posts\/9462\/revisions"}],"predecessor-version":[{"id":9464,"href":"http:\/\/staging.ibermusicas.org\/index.php\/wp-json\/wp\/v2\/posts\/9462\/revisions\/9464"}],"wp:featuredmedia":[{"embeddable":true,"href":"http:\/\/staging.ibermusicas.org\/index.php\/wp-json\/wp\/v2\/media\/9463"}],"wp:attachment":[{"href":"http:\/\/staging.ibermusicas.org\/index.php\/wp-json\/wp\/v2\/media?parent=9462"}],"wp:term":[{"taxonomy":"category","embeddable":true,"href":"http:\/\/staging.ibermusicas.org\/index.php\/wp-json\/wp\/v2\/categories?post=9462"},{"taxonomy":"post_tag","embeddable":true,"href":"http:\/\/staging.ibermusicas.org\/index.php\/wp-json\/wp\/v2\/tags?post=9462"}],"curies":[{"name":"wp","href":"https:\/\/api.w.org\/{rel}","templated":true}]}}