{"id":9465,"date":"2021-08-03T17:24:47","date_gmt":"2021-08-03T17:24:47","guid":{"rendered":"http:\/\/staging.ibermusicas.org\/?p=9465"},"modified":"2021-09-01T17:18:13","modified_gmt":"2021-09-01T17:18:13","slug":"camerata-caipira-do-brasil-e-merken-do-chile-lancaram-nas-redes-a-cancao-antes-que-o-mundo-acabe","status":"publish","type":"post","link":"http:\/\/staging.ibermusicas.org\/index.php\/camerata-caipira-do-brasil-e-merken-do-chile-lancaram-nas-redes-a-cancao-antes-que-o-mundo-acabe\/","title":{"rendered":"Camerata Caipira do Brasil e Merk\u00e9n do Chile lan\u00e7aram nas redes a can\u00e7\u00e3o \u201cAntes que o mundo acabe\u201d"},"content":{"rendered":"<p>\u201cAntes que o mundo acabe\u201d \u00e9 uma can\u00e7\u00e3o feita em parceria com os m\u00fasicos da Camerata Caipira do Brasil e do grupo Merk\u00e9n, do Chile.<\/p>\n<p>Os grupos, que j\u00e1 estiveram juntos no palco algumas vezes, decidiram compor uma m\u00fasica em conjunto que bem retrata nossa situa\u00e7\u00e3o global atual e, mesmo \u00e0 dist\u00e2ncia, celebram a for\u00e7a da irmandade latina atrav\u00e9s da m\u00fasica nesse encontro virtual.<\/p>\n<p><a href=\"https:\/\/lt.mydplr.com\/c27b59a4d1ca3ec87974283433450990-81868bec073b3970fa62af291f12b42d\" target=\"_blank\" rel=\"noopener\" data-saferedirecturl=\"https:\/\/www.google.com\/url?hl=es&amp;q=https:\/\/lt.mydplr.com\/c27b59a4d1ca3ec87974283433450990-81868bec073b3970fa62af291f12b42d&amp;source=gmail&amp;ust=1628096042068000&amp;usg=AFQjCNFI6Ewl8AJ46Q7Ff0W-3ofSHM6M8w\">Youtube.com<\/a><\/p>\n","protected":false},"excerpt":{"rendered":"<p>\u201cAntes que o mundo acabe\u201d \u00e9 uma can\u00e7\u00e3o feita em parceria com os m\u00fasicos da Camerata Caipira do Brasil e do grupo Merk\u00e9n, do Chile. Os grupos, que j\u00e1 estiveram juntos no palco algumas vezes, decidiram compor uma m\u00fasica em conjunto que bem retrata nossa situa\u00e7\u00e3o global atual e, mesmo \u00e0 dist\u00e2ncia, celebram a for\u00e7a [&hellip;]<\/p>\n","protected":false},"author":1,"featured_media":9463,"comment_status":"closed","ping_status":"closed","sticky":false,"template":"","format":"standard","meta":{"footnotes":""},"categories":[218],"tags":[],"class_list":["post-9465","post","type-post","status-publish","format-standard","has-post-thumbnail","hentry","category-noticias-generales-pt"],"lang":"pt","translations":{"pt":9465,"es":9462},"pll_sync_post":[],"post_mailing_queue_ids":[],"_links":{"self":[{"href":"http:\/\/staging.ibermusicas.org\/index.php\/wp-json\/wp\/v2\/posts\/9465","targetHints":{"allow":["GET"]}}],"collection":[{"href":"http:\/\/staging.ibermusicas.org\/index.php\/wp-json\/wp\/v2\/posts"}],"about":[{"href":"http:\/\/staging.ibermusicas.org\/index.php\/wp-json\/wp\/v2\/types\/post"}],"author":[{"embeddable":true,"href":"http:\/\/staging.ibermusicas.org\/index.php\/wp-json\/wp\/v2\/users\/1"}],"replies":[{"embeddable":true,"href":"http:\/\/staging.ibermusicas.org\/index.php\/wp-json\/wp\/v2\/comments?post=9465"}],"version-history":[{"count":1,"href":"http:\/\/staging.ibermusicas.org\/index.php\/wp-json\/wp\/v2\/posts\/9465\/revisions"}],"predecessor-version":[{"id":9466,"href":"http:\/\/staging.ibermusicas.org\/index.php\/wp-json\/wp\/v2\/posts\/9465\/revisions\/9466"}],"wp:featuredmedia":[{"embeddable":true,"href":"http:\/\/staging.ibermusicas.org\/index.php\/wp-json\/wp\/v2\/media\/9463"}],"wp:attachment":[{"href":"http:\/\/staging.ibermusicas.org\/index.php\/wp-json\/wp\/v2\/media?parent=9465"}],"wp:term":[{"taxonomy":"category","embeddable":true,"href":"http:\/\/staging.ibermusicas.org\/index.php\/wp-json\/wp\/v2\/categories?post=9465"},{"taxonomy":"post_tag","embeddable":true,"href":"http:\/\/staging.ibermusicas.org\/index.php\/wp-json\/wp\/v2\/tags?post=9465"}],"curies":[{"name":"wp","href":"https:\/\/api.w.org\/{rel}","templated":true}]}}